{"id":97939,"date":"2025-01-31T22:47:50","date_gmt":"2025-01-31T22:47:50","guid":{"rendered":"https:\/\/tvbrazilusa.com\/2025\/01\/31\/45-dizem-que-corrupcao-no-brasil-aumentou-sob-lula-paulo-figueiredo-tv-florida-usa-a-sua-tv-brasileira-nos-estados-unidos\/"},"modified":"2025-02-01T01:05:24","modified_gmt":"2025-02-01T01:05:24","slug":"45-dizem-que-corrupcao-no-brasil-aumentou-sob-lula-paulo-figueiredo-tv-florida-usa-a-sua-tv-brasileira-nos-estados-unidos","status":"publish","type":"post","link":"https:\/\/tvbrazilusa.com\/pt\/2025\/01\/31\/45-dizem-que-corrupcao-no-brasil-aumentou-sob-lula-paulo-figueiredo-tv-florida-usa-a-sua-tv-brasileira-nos-estados-unidos\/","title":{"rendered":"45% dizem que corrup\u00e7\u00e3o no Brasil aumentou sob Lula \u2013 Paulo Figueiredo \u2013 TV Florida USA \u2013 A sua TV Brasileira nos Estados Unidos"},"content":{"rendered":"<p> <script async src=\"https:\/\/pagead2.googlesyndication.com\/pagead\/js\/adsbygoogle.js?client=ca-pub-8864793242727901\"\r\n     crossorigin=\"anonymous\"><\/script><br \/>\n<\/p>\n<div id=\"wtr-content\" data-bg=\"#FFFFFF\" data-fg=\"#006d91\" data-width=\"25\" data-mute=\"1\" data-fgopacity=\"1.00\" data-mutedopacity=\"0.5\" data-placement=\"bottom\" data-placement-offset=\"0\" data-content-offset=\"262\" data-placement-touch=\"bottom\" data-placement-offset-touch=\"0\" data-transparent=\"\" data-shadow=\"0\" data-touch=\"1\" data-non-touch=\"1\" data-comments=\"0\" data-commentsbg=\"transparent\" data-location=\"page\" data-mutedfg=\"#006d91\" data-endfg=\"#006d91\" data-rtl=\"\">\n<h3 class=\"wp-block-heading\">Pesquisa mostra que 24% dizem que corrup\u00e7\u00e3o \u201cdiminuiu\u201d no governo petista; 23% declaram que n\u00e3o perceberam diferen\u00e7a<\/h3>\n<p>Dois anos depois de o presidente\u00a0Luiz In\u00e1cio Lula da Silva\u00a0(PT) voltar ao Pal\u00e1cio do Planalto, 45% dos brasileiros t\u00eam a percep\u00e7\u00e3o de que a corrup\u00e7\u00e3o\u00a0<em>\u201caumentou\u201d<\/em>\u00a0no pa\u00eds. A taxa\u00a0subiu\u00a06 pontos percentuais em 1 ano. O dado \u00e9 de pesquisa PoderData realizada de 25 a 27 de janeiro de 2025.<\/p>\n<p>O grupo dos que dizem que a corrup\u00e7\u00e3o diminuiu era de 30% h\u00e1 1 ano. Agora, a taxa caiu para 24%. Outros 23% dizem que\u00a0<em>\u201cficou igual\u201d<\/em>\u00a0e 8% n\u00e3o souberam responder.<\/p>\n<figure class=\"wp-block-image aligncenter size-large is-resized\"\/>\n<p>A pesquisa foi realizada pelo\u00a0<strong>PoderData<\/strong>, empresa do grupo\u00a0<strong>Poder360<\/strong>\u00a0Jornalismo, com recursos pr\u00f3prios. Os dados foram coletados de 25 a 27 de janeiro de 2025, por meio de liga\u00e7\u00f5es para celulares e telefones fixos. Ao todo, foram realizadas 2.500 entrevistas em 219 munic\u00edpios distribu\u00eddos pelas 27 unidades da Federa\u00e7\u00e3o. A margem de erro \u00e9 de 2 pontos percentuais. O intervalo de confian\u00e7a \u00e9 de 95%.<\/p>\n<p>Para chegar a 2.500 entrevistas que preencham proporcionalmente (conforme aparecem na sociedade) os grupos por sexo, idade, renda, escolaridade e localiza\u00e7\u00e3o geogr\u00e1fica, o\u00a0<strong>PoderData<\/strong>\u00a0faz dezenas de milhares de telefonemas. Muitas vezes, s\u00e3o mais de 100 mil liga\u00e7\u00f5es at\u00e9 que sejam encontrados os entrevistados que representem de forma fiel o conjunto da popula\u00e7\u00e3o.<\/p>\n<h4 class=\"wp-block-heading\">ESTRATIFICA\u00c7\u00c3O<\/h4>\n<p>O\u00a0<strong>Poder360<\/strong>\u00a0estratifica os dados por recortes demogr\u00e1ficos e destaca:<\/p>\n<ul class=\"wp-block-list\">\n<li>consideram que a\u00a0<strong>corrup\u00e7\u00e3o aumentou<\/strong>\u00a0sob o governo Lula \u2013 as taxas s\u00e3o mais altas entre homens (48%), pessoas de 25 a 44 anos (52%), moradores da regi\u00e3o Centro-Oeste (52%), pessoas que cursaram o ensino superior (50%) e aqueles que t\u00eam renda maior que 5 sal\u00e1rios m\u00ednimos (53%);<\/li>\n<li>consideram que a\u00a0<strong>corrup\u00e7\u00e3o diminuiu<\/strong>\u00a0sob o governo Lula \u2013 os percentuais s\u00e3o mais altos entre mulheres (26%), pessoas de 60 anos ou mais (31%), moradores da regi\u00e3o Norte (30%), pessoas que cursaram o ensino fundamental (30%) e aqueles que t\u00eam renda de at\u00e9 2 sal\u00e1rios m\u00ednimos (27%).<\/li>\n<\/ul>\n<figure class=\"wp-block-image aligncenter size-large is-resized\"><\/figure>\n<h4 class=\"wp-block-heading\">LULISTAS X BOLSONARISTAS<\/h4>\n<p>Eleitores dos 2 candidatos que disputaram o 2\u00ba turno nas elei\u00e7\u00f5es de 2022 est\u00e3o em lados opostos. Entre os que dizem ter votado em\u00a0Jair Bolsonaro\u00a0(PL), 70% acredita que a corrup\u00e7\u00e3o\u00a0<em>\u201caumentou\u201d.\u00a0<\/em>J\u00e1 39% dos que afirmam ter votado em Lula pensam que a corrup\u00e7\u00e3o\u00a0<em>\u201cdiminuiu\u201d<\/em><\/p>\n<figure class=\"wp-block-image aligncenter size-large is-resized\"><img decoding=\"async\" src=\"https:\/\/static.poder360.com.br\/2025\/01\/pd-corrupcao-lula-30-jan-2025-03-1465x1536.png\" alt=\"\" style=\"width:482px;height:auto\"\/><\/figure>\n<p><strong><a rel=\"nofollow\" target=\"_blank\" href=\"https:\/\/www.poder360.com.br\/poderdata\/poderdata-45-dizem-que-corrupcao-no-brasil-aumentou-sob-lula\/\">Source link<\/a><\/strong><\/p>\n<\/div>\n<p><br \/>\n<br \/><a href=\"https:\/\/tvfloridausa.com\/2025\/01\/31\/poderdata-45-dizem-que-corrupcao-no-brasil-aumentou-sob-lula-paulo-figueiredo\/\">Source link <\/a><\/p>","protected":false},"excerpt":{"rendered":"<p>Pesquisa mostra que 24% dizem que corrup\u00e7\u00e3o \u201cdiminuiu\u201d no governo petista; 23% declaram que n\u00e3o perceberam diferen\u00e7a Dois anos depois de o presidente\u00a0Luiz In\u00e1cio Lula da Silva\u00a0(PT) voltar ao Pal\u00e1cio&hellip;<\/p>","protected":false},"author":1,"featured_media":97940,"comment_status":"closed","ping_status":"open","sticky":false,"template":"","format":"standard","meta":{"content-type":"","footnotes":""},"categories":[22],"tags":[],"class_list":["post-97939","post","type-post","status-publish","format-standard","has-post-thumbnail","hentry","category-tv-florida-usa"],"_links":{"self":[{"href":"https:\/\/tvbrazilusa.com\/pt\/wp-json\/wp\/v2\/posts\/97939","targetHints":{"allow":["GET"]}}],"collection":[{"href":"https:\/\/tvbrazilusa.com\/pt\/wp-json\/wp\/v2\/posts"}],"about":[{"href":"https:\/\/tvbrazilusa.com\/pt\/wp-json\/wp\/v2\/types\/post"}],"author":[{"embeddable":true,"href":"https:\/\/tvbrazilusa.com\/pt\/wp-json\/wp\/v2\/users\/1"}],"replies":[{"embeddable":true,"href":"https:\/\/tvbrazilusa.com\/pt\/wp-json\/wp\/v2\/comments?post=97939"}],"version-history":[{"count":1,"href":"https:\/\/tvbrazilusa.com\/pt\/wp-json\/wp\/v2\/posts\/97939\/revisions"}],"predecessor-version":[{"id":97941,"href":"https:\/\/tvbrazilusa.com\/pt\/wp-json\/wp\/v2\/posts\/97939\/revisions\/97941"}],"wp:featuredmedia":[{"embeddable":true,"href":"https:\/\/tvbrazilusa.com\/pt\/wp-json\/wp\/v2\/media\/97940"}],"wp:attachment":[{"href":"https:\/\/tvbrazilusa.com\/pt\/wp-json\/wp\/v2\/media?parent=97939"}],"wp:term":[{"taxonomy":"category","embeddable":true,"href":"https:\/\/tvbrazilusa.com\/pt\/wp-json\/wp\/v2\/categories?post=97939"},{"taxonomy":"post_tag","embeddable":true,"href":"https:\/\/tvbrazilusa.com\/pt\/wp-json\/wp\/v2\/tags?post=97939"}],"curies":[{"name":"wp","href":"https:\/\/api.w.org\/{rel}","templated":true}]}}