{"id":98118,"date":"2025-02-01T14:54:38","date_gmt":"2025-02-01T14:54:38","guid":{"rendered":"https:\/\/tvbrazilusa.com\/2025\/02\/01\/%f0%9f%8c%b1-fort-myers-piers-definido-para-reconstrucao\/"},"modified":"2025-02-01T14:59:35","modified_gmt":"2025-02-01T14:59:35","slug":"%f0%9f%8c%b1-fort-myers-piers-definido-para-reconstrucao","status":"publish","type":"post","link":"https:\/\/tvbrazilusa.com\/pt\/2025\/02\/01\/%f0%9f%8c%b1-fort-myers-piers-definido-para-reconstrucao\/","title":{"rendered":"\ud83c\udf31 Fort Myers Piers definido para reconstru\u00e7\u00e3o"},"content":{"rendered":"<p> <script async src=\"https:\/\/pagead2.googlesyndication.com\/pagead\/js\/adsbygoogle.js?client=ca-pub-8864793242727901\"\r\n     crossorigin=\"anonymous\"><\/script><br \/>\n<\/p>\n<div>\n<p>Ol\u00e1, Fort Myers! Aqui est\u00e1 um dia de descoberta &#8211; vamos come\u00e7ar com o que est\u00e1 acontecendo na cidade e ao redor da cidade. Leia e fique no loop. \u2615\ufe0f\ufe0f <strong>No boletim informativo de hoje:<\/strong><\/p>\n<\/div>\n<div>\n<ul>\n<li>Fort Myers Piers definido para reconstru\u00e7\u00e3o<\/li>\n<li>Roubo de gatinho em Fort Myers resolveu<\/li>\n<li>Conhe\u00e7a os finalistas de Golden Apple de Fort Myers<\/li>\n<\/ul>\n<p>Tamb\u00e9m no calend\u00e1rio de hoje: <strong>Clube de assassinato da av\u00f3- a pe\u00e7a<\/strong> e 8 outros eventos.<\/p>\n<p><em>Riddle de hoje:<\/em> Por que o Scarecrow ganhou um pr\u00eamio? \ud83e\udd14 Continue lendo para descobrir.<\/p>\n<\/div>\n<div>\n<hr\/>\n<p> <a href=\"https:\/\/patch.com\/florida\/fort-myers\/weather\"><strong>Previs\u00e3o do tempo:<\/strong><\/a> <\/p>\n<ul>\n<li class=\"sans\"><strong>S\u00e1bado:<\/strong> Tempos de nuvens e sol, com uma alta de 81 e baixa de 65 graus. <\/li>\n<li class=\"sans\"><strong>Domingo:<\/strong> Nubla\u00e7\u00e3o vari\u00e1vel, Temps: High: 83, Low: 64. <\/li>\n<li class=\"sans\"><strong>Segunda-feira:<\/strong> Nuvens e sol, com uma alta de 85 e baixa de 64 graus. <\/li>\n<\/ul>\n<hr\/>\n<h4>\ud83d\udcf0 <strong>Not\u00edcias estamos lendo<\/strong><\/h4>\n<p><b>1. Fort Myers para reconstruir a Tarpon Street &#038; Riverside Community Center Piers<\/b> (<a href=\"https:\/\/www.fox4now.com\/fort-myers-metro-south\/fort-myers-to-rebuild-tarpon-street-pier-and-riverside-community-center-pier\" target=\"_blank\" rel=\"nofollow\">Fox4now.com<\/a>) &#8211; Fort Myers deve reconstruir os cais do Tarpon Street e Riverside Community Center, danificados pelo furac\u00e3o Ian. Os moradores est\u00e3o empolgados quando as autoridades da cidade trabalham atrav\u00e9s dos regulamentos da FEMA para restaurar esses espa\u00e7os comunit\u00e1rios vitais. <br \/><a href=\"https:\/\/fort-myers-fl.patch.am\/rate-item?d=u&#038;h=eyJsb2MiOiI3NjkyIiwic291cmNlIjoiZm94NG5vdy5jb20iLCJ0aXRsZSI6IkZvcnQgTXllcnMgdG8gcmVidWlsZCBUYXJwb24gU3RyZWV0ICYgUml2ZXJzaWRlIENvbW11bml0eSBDZW50ZXIgcGllcnMiLCJ1cmwiOiJodHRwczpcL1wvd3d3LmZveDRub3cuY29tXC9mb3J0LW15ZXJzLW1ldHJvLXNvdXRoXC9mb3J0LW15ZXJzLXRvLXJlYnVpbGQtdGFycG9uLXN0cmVldC1waWVyLWFuZC1yaXZlcnNpZGUtY29tbXVuaXR5LWNlbnRlci1waWVyIiwiYXJ0aWQiOiI3YjBlZGQ1YzcxZjQyY2VlZGU3MjBlOTE0NDcyYTNkMyJ9\" target=\"_blank\" rel=\"nofollow\"><\/a>   <a href=\"https:\/\/fort-myers-fl.patch.am\/rate-item?d=d&#038;h=eyJsb2MiOiI3NjkyIiwic291cmNlIjoiZm94NG5vdy5jb20iLCJ0aXRsZSI6IkZvcnQgTXllcnMgdG8gcmVidWlsZCBUYXJwb24gU3RyZWV0ICYgUml2ZXJzaWRlIENvbW11bml0eSBDZW50ZXIgcGllcnMiLCJ1cmwiOiJodHRwczpcL1wvd3d3LmZveDRub3cuY29tXC9mb3J0LW15ZXJzLW1ldHJvLXNvdXRoXC9mb3J0LW15ZXJzLXRvLXJlYnVpbGQtdGFycG9uLXN0cmVldC1waWVyLWFuZC1yaXZlcnNpZGUtY29tbXVuaXR5LWNlbnRlci1waWVyIiwiYXJ0aWQiOiI3YjBlZGQ1YzcxZjQyY2VlZGU3MjBlOTE0NDcyYTNkMyJ9\" target=\"_blank\" rel=\"nofollow\"><img decoding=\"async\" class=\"thumbs\" width=\"16\" height=\"16\" src=\"https:\/\/patch.com\/img\/cdn\/assets\/layout\/thumb_down_16x16.png\" data-sizes=\"(min-width: 780px) 726px, 100vw\" srcset=\"https:\/\/patch.com\/img\/cdn\/assets\/layout\/thumb_down_16x16.png?width=640 640w, https:\/\/patch.com\/img\/cdn\/assets\/layout\/thumb_down_16x16.png?width=726 726w\"\/><\/a><\/p>\n<\/div>\n<div>\n<p><b>2. Homem acusado de roubar gatinho da mulher de Fort Myers<\/b> (<a href=\"https:\/\/winknews.com\/2025\/01\/31\/man-accused-stealing-kitten-from-woman-fort-myers\" target=\"_blank\" rel=\"nofollow\">winknews.com<\/a>) &#8211; Um homem foi preso por roubar uma mulher em Fort Myers, roubando seus pertences, incluindo um gatinho. O <b>Fort Myers<\/b> O Departamento de Pol\u00edcia recuperou rapidamente os itens roubados e devolveu com seguran\u00e7a o gatinho ao seu propriet\u00e1rio. <br \/><a href=\"https:\/\/fort-myers-fl.patch.am\/rate-item?d=u&#038;h=eyJsb2MiOiI3NjkyIiwic291cmNlIjoid2lua25ld3MuY29tIiwidGl0bGUiOiJNYW4gYWNjdXNlZCBvZiBzdGVhbGluZyBraXR0ZW4gZnJvbSBGb3J0IE15ZXJzIHdvbWFuIiwidXJsIjoiaHR0cHM6XC9cL3dpbmtuZXdzLmNvbVwvMjAyNVwvMDFcLzMxXC9tYW4tYWNjdXNlZC1zdGVhbGluZy1raXR0ZW4tZnJvbS13b21hbi1mb3J0LW15ZXJzIiwiYXJ0aWQiOiIzMjk0OGMzMWZkZjY0ODQ1MGQzM2VmODkwYWRmOTYyZiJ9\" target=\"_blank\" rel=\"nofollow\"><img decoding=\"async\" class=\"thumbs\" width=\"16\" height=\"16\" src=\"https:\/\/patch.com\/img\/cdn\/assets\/layout\/thumb_up_16x16.png\" data-rel=\"penci-gallery-image-content\"  data-sizes=\"(min-width: 780px) 726px, 100vw\" srcset=\"https:\/\/patch.com\/img\/cdn\/assets\/layout\/thumb_up_16x16.png?width=640 640w, https:\/\/patch.com\/img\/cdn\/assets\/layout\/thumb_up_16x16.png?width=726 726w\"\/><\/a>   <a href=\"https:\/\/fort-myers-fl.patch.am\/rate-item?d=d&#038;h=eyJsb2MiOiI3NjkyIiwic291cmNlIjoid2lua25ld3MuY29tIiwidGl0bGUiOiJNYW4gYWNjdXNlZCBvZiBzdGVhbGluZyBraXR0ZW4gZnJvbSBGb3J0IE15ZXJzIHdvbWFuIiwidXJsIjoiaHR0cHM6XC9cL3dpbmtuZXdzLmNvbVwvMjAyNVwvMDFcLzMxXC9tYW4tYWNjdXNlZC1zdGVhbGluZy1raXR0ZW4tZnJvbS13b21hbi1mb3J0LW15ZXJzIiwiYXJ0aWQiOiIzMjk0OGMzMWZkZjY0ODQ1MGQzM2VmODkwYWRmOTYyZiJ9\" target=\"_blank\" rel=\"nofollow\"><img decoding=\"async\" class=\"thumbs\" width=\"16\" height=\"16\" src=\"https:\/\/patch.com\/img\/cdn\/assets\/layout\/thumb_down_16x16.png\" data-sizes=\"(min-width: 780px) 726px, 100vw\" srcset=\"https:\/\/patch.com\/img\/cdn\/assets\/layout\/thumb_down_16x16.png?width=640 640w, https:\/\/patch.com\/img\/cdn\/assets\/layout\/thumb_down_16x16.png?width=726 726w\"\/><\/a><\/p>\n<p><b>3. 30 Finalistas anunciados para a 38\u00aa ma\u00e7\u00e3 dourada anual no condado de Lee<\/b> (<a href=\"https:\/\/www.abc-7.com\/article\/30-finalists-announced-golden-apple-lee-county\/63635099\" target=\"_blank\" rel=\"nofollow\">ABC-7.com<\/a>) &#8211; Trinta professores das escolas p\u00fablicas do condado de Lee, incluindo South Fort Myers High, s\u00e3o finalistas do prestigiado Golden Apple Awards. Os vencedores ser\u00e3o celebrados em um banquete de gravata preta em <b>Fort Myers<\/b> em 25 de abril de 2025. <br \/><a href=\"https:\/\/fort-myers-fl.patch.am\/rate-item?d=u&#038;h=eyJsb2MiOiI3NjkyIiwic291cmNlIjoiYWJjLTcuY29tIiwidGl0bGUiOiIzMCBmaW5hbGlzdHMgYW5ub3VuY2VkIGZvciAzOHRoIEFubnVhbCBHb2xkZW4gQXBwbGUgaW4gTGVlIENvdW50eSIsInVybCI6Imh0dHBzOlwvXC93d3cuYWJjLTcuY29tXC9hcnRpY2xlXC8zMC1maW5hbGlzdHMtYW5ub3VuY2VkLWdvbGRlbi1hcHBsZS1sZWUtY291bnR5XC82MzYzNTA5OSIsImFydGlkIjoiNDVhOWNlYWY3NWY5NDA1NTQ1N2RkZDU4ZTAzMjIwMzYifQ==\" target=\"_blank\" rel=\"nofollow\"><img decoding=\"async\" class=\"thumbs\" width=\"16\" height=\"16\" src=\"https:\/\/patch.com\/img\/cdn\/assets\/layout\/thumb_up_16x16.png\" data-rel=\"penci-gallery-image-content\"  data-sizes=\"(min-width: 780px) 726px, 100vw\" srcset=\"https:\/\/patch.com\/img\/cdn\/assets\/layout\/thumb_up_16x16.png?width=640 640w, https:\/\/patch.com\/img\/cdn\/assets\/layout\/thumb_up_16x16.png?width=726 726w\"\/><\/a>   <a href=\"https:\/\/fort-myers-fl.patch.am\/rate-item?d=d&#038;h=eyJsb2MiOiI3NjkyIiwic291cmNlIjoiYWJjLTcuY29tIiwidGl0bGUiOiIzMCBmaW5hbGlzdHMgYW5ub3VuY2VkIGZvciAzOHRoIEFubnVhbCBHb2xkZW4gQXBwbGUgaW4gTGVlIENvdW50eSIsInVybCI6Imh0dHBzOlwvXC93d3cuYWJjLTcuY29tXC9hcnRpY2xlXC8zMC1maW5hbGlzdHMtYW5ub3VuY2VkLWdvbGRlbi1hcHBsZS1sZWUtY291bnR5XC82MzYzNTA5OSIsImFydGlkIjoiNDVhOWNlYWY3NWY5NDA1NTQ1N2RkZDU4ZTAzMjIwMzYifQ==\" target=\"_blank\" rel=\"nofollow\"><img decoding=\"async\" class=\"thumbs\" width=\"16\" height=\"16\" src=\"https:\/\/patch.com\/img\/cdn\/assets\/layout\/thumb_down_16x16.png\" data-sizes=\"(min-width: 780px) 726px, 100vw\" srcset=\"https:\/\/patch.com\/img\/cdn\/assets\/layout\/thumb_down_16x16.png?width=640 640w, https:\/\/patch.com\/img\/cdn\/assets\/layout\/thumb_down_16x16.png?width=726 726w\"\/><\/a><\/p>\n<\/div>\n<div>\n<p><b>4. Downtown Fort Myers se transforma para o Artfest<\/b> (<a href=\"https:\/\/www.nbc-2.com\/article\/downtown-fort-myers-transforms-for-artfest\/63637148\" target=\"_blank\" rel=\"nofollow\">NBC-2.com<\/a>) &#8211; O Artfest transforma o centro de Fort Myers em um vibrante centro de arte e m\u00fasica, atraindo milhares de visitantes. O festival apresenta apresenta\u00e7\u00f5es, exibi\u00e7\u00f5es de arte visual e oferece a chance de se conectar com artistas. <br \/><a href=\"https:\/\/fort-myers-fl.patch.am\/rate-item?d=u&#038;h=eyJsb2MiOiI3NjkyIiwic291cmNlIjoibmJjLTIuY29tIiwidGl0bGUiOiJEb3dudG93biBGb3J0IE15ZXJzIHRyYW5zZm9ybXMgZm9yIEFydEZlc3QiLCJ1cmwiOiJodHRwczpcL1wvd3d3Lm5iYy0yLmNvbVwvYXJ0aWNsZVwvZG93bnRvd24tZm9ydC1teWVycy10cmFuc2Zvcm1zLWZvci1hcnRmZXN0XC82MzYzNzE0OCIsImFydGlkIjoiNWY0ZWM5NDY1Y2Q3ZDcxZDVjY2E1ODQ0YjMyMWFhMWMifQ==\" target=\"_blank\" rel=\"nofollow\"><img decoding=\"async\" class=\"thumbs\" width=\"16\" height=\"16\" src=\"https:\/\/patch.com\/img\/cdn\/assets\/layout\/thumb_up_16x16.png\" data-rel=\"penci-gallery-image-content\"  data-sizes=\"(min-width: 780px) 726px, 100vw\" srcset=\"https:\/\/patch.com\/img\/cdn\/assets\/layout\/thumb_up_16x16.png?width=640 640w, https:\/\/patch.com\/img\/cdn\/assets\/layout\/thumb_up_16x16.png?width=726 726w\"\/><\/a>   <a href=\"https:\/\/fort-myers-fl.patch.am\/rate-item?d=d&#038;h=eyJsb2MiOiI3NjkyIiwic291cmNlIjoibmJjLTIuY29tIiwidGl0bGUiOiJEb3dudG93biBGb3J0IE15ZXJzIHRyYW5zZm9ybXMgZm9yIEFydEZlc3QiLCJ1cmwiOiJodHRwczpcL1wvd3d3Lm5iYy0yLmNvbVwvYXJ0aWNsZVwvZG93bnRvd24tZm9ydC1teWVycy10cmFuc2Zvcm1zLWZvci1hcnRmZXN0XC82MzYzNzE0OCIsImFydGlkIjoiNWY0ZWM5NDY1Y2Q3ZDcxZDVjY2E1ODQ0YjMyMWFhMWMifQ==\" target=\"_blank\" rel=\"nofollow\"><img decoding=\"async\" class=\"thumbs\" width=\"16\" height=\"16\" src=\"https:\/\/patch.com\/img\/cdn\/assets\/layout\/thumb_down_16x16.png\" data-sizes=\"(min-width: 780px) 726px, 100vw\" srcset=\"https:\/\/patch.com\/img\/cdn\/assets\/layout\/thumb_down_16x16.png?width=640 640w, https:\/\/patch.com\/img\/cdn\/assets\/layout\/thumb_down_16x16.png?width=726 726w\"\/><\/a><\/p>\n<p><b>5.<\/b> (<a href=\"https:\/\/www.nbc-2.com\/article\/fdle-estero-fire-battalion-chief-search-warrant-execution\/63636011\" target=\"_blank\" rel=\"nofollow\">NBC-2.com<\/a>) &#8211; O FDLE est\u00e1 investigando o chefe do Batalh\u00e3o de Inc\u00eandios de Estero, Albert Shane Seibert, com um mandado de busca executado em sua casa em North Fort Myers. A investiga\u00e7\u00e3o est\u00e1 relacionada ao seu envolvimento anterior com outra ag\u00eancia. <br \/><a href=\"https:\/\/fort-myers-fl.patch.am\/rate-item?d=u&#038;h=eyJsb2MiOiI3NjkyIiwic291cmNlIjoibmJjLTIuY29tIiwidGl0bGUiOiJGRExFIGludmVzdGlnYXRpbmcgRXN0ZXJvIEZpcmUgQmF0dGFsaW9uIENoaWVmIGFmdGVyIHNlYXJjaCB3YXJyYW50IGV4ZWN1dGlvbiIsInVybCI6Imh0dHBzOlwvXC93d3cubmJjLTIuY29tXC9hcnRpY2xlXC9mZGxlLWVzdGVyby1maXJlLWJhdHRhbGlvbi1jaGllZi1zZWFyY2gtd2FycmFudC1leGVjdXRpb25cLzYzNjM2MDExIiwiYXJ0aWQiOiIyNmQxMjE0MzI5MjFjMDlhOTk0ZjMwMzk2ZTgzZmFlNCJ9\" target=\"_blank\" rel=\"nofollow\"><img decoding=\"async\" class=\"thumbs\" width=\"16\" height=\"16\" src=\"https:\/\/patch.com\/img\/cdn\/assets\/layout\/thumb_up_16x16.png\" data-rel=\"penci-gallery-image-content\"  data-sizes=\"(min-width: 780px) 726px, 100vw\" srcset=\"https:\/\/patch.com\/img\/cdn\/assets\/layout\/thumb_up_16x16.png?width=640 640w, https:\/\/patch.com\/img\/cdn\/assets\/layout\/thumb_up_16x16.png?width=726 726w\"\/><\/a>   <a href=\"https:\/\/fort-myers-fl.patch.am\/rate-item?d=d&#038;h=eyJsb2MiOiI3NjkyIiwic291cmNlIjoibmJjLTIuY29tIiwidGl0bGUiOiJGRExFIGludmVzdGlnYXRpbmcgRXN0ZXJvIEZpcmUgQmF0dGFsaW9uIENoaWVmIGFmdGVyIHNlYXJjaCB3YXJyYW50IGV4ZWN1dGlvbiIsInVybCI6Imh0dHBzOlwvXC93d3cubmJjLTIuY29tXC9hcnRpY2xlXC9mZGxlLWVzdGVyby1maXJlLWJhdHRhbGlvbi1jaGllZi1zZWFyY2gtd2FycmFudC1leGVjdXRpb25cLzYzNjM2MDExIiwiYXJ0aWQiOiIyNmQxMjE0MzI5MjFjMDlhOTk0ZjMwMzk2ZTgzZmFlNCJ9\" target=\"_blank\" rel=\"nofollow\"><img decoding=\"async\" class=\"thumbs\" width=\"16\" height=\"16\" src=\"https:\/\/patch.com\/img\/cdn\/assets\/layout\/thumb_down_16x16.png\" data-sizes=\"(min-width: 780px) 726px, 100vw\" srcset=\"https:\/\/patch.com\/img\/cdn\/assets\/layout\/thumb_down_16x16.png?width=640 640w, https:\/\/patch.com\/img\/cdn\/assets\/layout\/thumb_down_16x16.png?width=726 726w\"\/><\/a><\/p>\n<\/div>\n<div>\n<hr\/>\n<figure class=\"pixel-wrapper\"> <img decoding=\"async\" width=\"1\" height=\"1\" border=\"0\" class=\"t-pixel\" src=\"https:\/\/pixel.patch.com\/blank.gif?json=eJzNj0tqBDEMRK8yeN0G%2Be%2Beq4TQyLacGPqH20MYwtx93Mkqu%2BySjRBVqhLv5ZOVRsvU7juxK4s405qwTqfIBnZstxpPgxYscxfmLWIr29qloyz7TJfUjftlpY9jptao9qMdW3yfSmJXIYQ0A6v01jNfinQwDmw9VxYAo4SYuDIQuYY%2BAgrPM6lMEATkbHrd7aD6nZVCeO1t%2F1C3ZWt0lgj2GP4SAmx2ybrAA5gO4V3k3tDIZSAdMqBCTz8grO8Uo%2FpXECHKpCkrnrJ2XAtjOMpR8qy8JonORgi%2FgXh9ArMmueA%3D\" data-sizes=\"\" srcset=\"\"\/> <\/figure>\n<h4>\ud83d\uddd3 <strong>Pr\u00f3ximos eventos em Fort Myers<\/strong><br \/><\/h4>\n<p><a href=\"https:\/\/patch.com\/florida\/fort-myers\/compose\/event\">  Adicione seu evento ao nosso calend\u00e1rio e boletim informativo! <\/a><\/p>\n<h4><span><span>\u2605<\/span> Eventos em destaque <span><span>\u2605<\/span><\/span><\/span><\/h4>\n<hr\/>\n<h5>Outros eventos locais<\/h5>\n<ul>\n<h5><span class=\"text-green-8\"><b>S\u00e1bado, 1 de fevereiro<\/b><\/span><\/h5>\n<li> <span> <a href=\"https:\/\/patch.com\/florida\/fort-myers\/calendar\/event\/20250201\/236b3836-8733-410d-a07e-8da236dd8aae\/grandmas-murder-club-the-play\" rel=\"ugc\"><b>Clube de assassinato da av\u00f3- a pe\u00e7a<\/b><\/a> <\/span> <br \/>Cultural Park Theatre, 528 Cultural Park Blvd, Cape Coral <br \/>19:00 <\/li>\n<li> <span> <a href=\"https:\/\/patch.com\/florida\/fort-myers\/calendar\/event\/20250201\/1e555226-a99d-401c-afe7-be608698a576\/be-my-valentine-dinner-dance\" rel=\"ugc\"><b>Dance de jantar &#8220;Be My Valentine&#8221;<\/b><\/a> <\/span> <br \/>Clube Social Americano da Alemanha de Cape Coral, 2101 SW Pine Island Rd, Cape Coral <br \/>21:30 <\/li>\n<h5><span class=\"text-green-8\"><b>Domingo 2 de fevereiro<\/b><\/span><\/h5>\n<li> <span> <a href=\"https:\/\/patch.com\/florida\/fort-myers\/calendar\/event\/20250202\/856350b6-a500-42db-9f9a-79b2fc9204a8\/acrylic-landscape-painting-class-with-marie-dyer\" rel=\"ugc\"><b>Classe de pintura de paisagem acr\u00edlica com Marie Dyer <\/b><\/a> <\/span> <br \/>Edison &#038; Ford Winter Estates, 2350 McGregor Blvd, Fort Myers <br \/>9:00 <\/li>\n<li> <span> <a href=\"https:\/\/patch.com\/florida\/fort-myers\/calendar\/event\/20250202\/af39c1be-d615-4da9-8373-1a06f3955752\/grandmas-murder-club-the-play\" rel=\"ugc\"><b>Clube de assassinato da av\u00f3- a pe\u00e7a<\/b><\/a> <\/span> <br \/>Cultural Park Theatre, 528 Cultural Park Blvd, Cape Coral <br \/>15:00 <\/li>\n<h5><span class=\"text-green-8\"><b>Segunda -feira, 3 de fevereiro<\/b><\/span><\/h5>\n<li> <span> <a href=\"https:\/\/patch.com\/florida\/fort-myers\/calendar\/event\/20250203\/33e0d6dd-9468-4227-aa00-e1e10b1b129b\/yoga-by-the-river\" rel=\"ugc\"><b>Yoga ao lado do rio <\/b><\/a> <\/span> <br \/>Edison &#038; Ford Winter Estates, 2350 McGregor Blvd, Fort Myers <br \/>10:00 <\/li>\n<h5><span class=\"text-green-8\"><b>Quarta -feira, 5 de fevereiro<\/b><\/span><\/h5>\n<li> <span> <a href=\"https:\/\/patch.com\/florida\/fort-myers\/calendar\/event\/20250205\/f7e11917-0a09-4dc5-ba25-d373000f2140\/yoga-by-the-river\" rel=\"ugc\"><b>Yoga ao lado do rio <\/b><\/a> <\/span> <br \/>Edison &#038; Ford Winter Estates, 2350 McGregor Blvd, Fort Myers <br \/>10:00 <\/li>\n<h5><span class=\"text-green-8\"><b>Quinta -feira, 6 de fevereiro<\/b><\/span><\/h5>\n<li> <span> <a href=\"https:\/\/patch.com\/florida\/fort-myers\/calendar\/event\/20250206\/2937f9a1-7eb7-4e43-be3f-0cd2c8a37f1f\/arts-crafts-festival\" rel=\"ugc\"><b>Festival de Artes e Artesanato <\/b><\/a> <\/span> <br \/>110 N Collier Blvd, Marco Island <br \/>10:00 <\/li>\n<h5><span class=\"text-green-8\"><b>S\u00e1bado, 8 de fevereiro<\/b><\/span><\/h5>\n<li> <span> <a href=\"https:\/\/patch.com\/florida\/fort-myers\/calendar\/event\/20250208\/c89be506-aeef-41ea-8c1c-a8d85df2056a\/spring-garden-festival\" rel=\"ugc\"><b>Spring Garden Festival <\/b><\/a> <\/span> <br \/>Edison &#038; Ford Winter Estates, 2350 McGregor Blvd, Fort Myers <br \/>9:00 <\/li>\n<\/ul>\n<hr\/>\n<h4>\ud83d\uddd3 <strong>Eventos pr\u00f3ximos<\/strong><\/h4>\n<ul>\n<h5> <span class=\"text-green-8\"><b>Domingo 2 de fevereiro<\/b><\/span> <\/h5>\n<li><span> <b>Escolha da escola + aplica\u00e7\u00e3o IB devido em foco<\/b> (Lochmoor Waterway Estates) Dunbar High School, North Fort Myers, FL 33903 <\/span><br \/>12:00 <\/li>\n<h5> <span class=\"text-green-8\"><b>Segunda -feira, 3 de fevereiro<\/b><\/span> <\/h5>\n<li><span> <b>Fotos de primavera<\/b> (Lochmoor Waterway Estates) Ida S. Baker High School, 3500 Agualinda Blvd., Cape Coral <\/span><br \/>14:00 <\/li>\n<li><span> <b>Basquete, Girls VR<\/b> (Lochmoor Waterway Estates) Ida S. Baker High School, 3500 Avualinda Blvd., Cape Coral <\/span><br \/>14:00 <\/li>\n<li><span> <b>Condicionamento para o futebol<\/b> (Palmona Park) Ida S. Baker High School, 3500 Agualinda Blvd., Cape Coral <\/span><br \/>15:00 <\/li>\n<\/ul>\n<p> <em>Perdemos algo em nosso calend\u00e1rio? <a href=\"https:\/\/patch.com\/florida\/fort-myers\/compose\/event\">Adicione um evento voc\u00ea mesmo<\/a>! <\/em> Como sempre, antes de participar, confirme os detalhes do evento para garantir a precis\u00e3o. <\/p>\n<hr\/>\n<p><em>Quer um link para o seu neg\u00f3cio neste boletim informativo? <a href=\"https:\/\/patch.com\/florida\/fort-myers\/compose\/bizpost\">Clique aqui<\/a>.<\/em><\/p>\n<hr\/>\n<p>\ud83d\udd28 <strong>Precisa de ajuda com um projeto em casa?<\/strong> A Patch fez uma parceria com a Thumbtack para tornar a contrata\u00e7\u00e3o de um profissional local de confian\u00e7a r\u00e1pido e f\u00e1cil. <a href=\"https:\/\/patch.com\/florida\/fort-myers\/businesses\" target=\"_blank\">Clique aqui para come\u00e7ar.<\/a><\/p>\n<hr\/>\n<h4>\ud83d\udcac <strong>Conversa<\/strong><\/h4>\n<p>O que seus vizinhos est\u00e3o falando nas m\u00eddias sociais<\/p>\n<\/div>\n<div>\n<ul>\n<li><b>Hardware de San Carlos Ace.<\/b> <br \/>Toda vez que vamos l\u00e1, somos recebidos quase imediatamente. A equipe diz a voc\u00ea onde encontrar o que voc\u00ea precisa e o leva para a Ilha. Se voc\u00ea \u00e9 &#8230; (<a href=\"https:\/\/nextdoor.com\/p\/-gqzSb637sPP\/?from_partner=patch&#038;share_id=-gqzSb637sPP&#038;utm_medium=public_api&#038;utm_source=patch&#038;utm_content=-gqzSb637sPP&#038;next_url=\/p\/-gqzSb637sPP&#038;utm_medium=email&#038;utm_campaign=pilot\" target=\"_blank\" rel=\"nofollow\">Nextdoor<\/a> Alico Rd\/Lee Rd) <\/li>\n<li><b>Ol\u00e1, estou procurando recomenda\u00e7\u00f5es para um ladrilho muito bom e um conto de rever\u00eancia para limpar e selar ladrilhos e rejunte de 5 anos.<\/b> <br \/>Nunca foi limpo ou selado, por isso n\u00e3o estou preocupado com o pre\u00e7o apenas a qualidade. Apenas o melhor e estabelecido. Muito obrigado. (<a href=\"https:\/\/nextdoor.com\/p\/DLXD_NGTGqfn\/?from_partner=patch&#038;share_id=DLXD_NGTGqfn&#038;utm_medium=public_api&#038;utm_source=patch&#038;utm_content=DLXD_NGTGqfn&#038;next_url=\/p\/DLXD_NGTGqfn&#038;utm_medium=email&#038;utm_campaign=pilot\" target=\"_blank\" rel=\"nofollow\">Nextdoor<\/a> Heritage Palms) <\/li>\n<\/ul>\n<ul>\n<li>  Ross Stores, Inc. postou um emprego para <strong>Supervisor de \u00e1rea<\/strong> em Fort Myers, FL. Aplique em <a href=\"https:\/\/www.linkedin.com\/jobs\/view\/area-supervisor-at-ross-stores-inc-4139131347?utm_campaign=google_jobs_apply&#038;utm_source=google_jobs_apply&#038;utm_medium=organic\" target=\"_blank\" rel=\"nofollow\">LinkedIn<\/a>. <\/li>\n<li>  O Home Depot postou um emprego para <strong>Atendimento ao cliente\/vendas<\/strong> em Fort Myers, FL. Aplique em <a href=\"https:\/\/careers.homedepot.com\/job\/6961148\/customer-service-sales-fort-myers-fl\/?utm_campaign=google_jobs_apply&#038;utm_source=google_jobs_apply&#038;utm_medium=organic\" target=\"_blank\" rel=\"nofollow\">As carreiras da Home Depot<\/a>. <\/li>\n<\/ul>\n<hr\/>\n<p> <b>Ok Fort Myers!<\/b> Ent\u00e3o agora voc\u00ea est\u00e1 no circuito sobre o que est\u00e1 acontecendo hoje. Obrigado pela leitura, e vejo voc\u00ea na sua caixa de entrada na pr\u00f3xima vez! <\/p>\n<p> <b>&#8211; A equipe do patch am<\/b> <\/p>\n<p> <em>PS A resposta para o enigma de hoje:<\/em> Porque ele foi excelente em seu campo. <\/p>\n<hr\/>\n<h4>\ud83d\udc49 <strong>Ajude a fazer o patch sou melhor<\/strong><\/h4>\n<hr\/>\n<p> <a href=\"https:\/\/nextdoor.com\/sharekit\/?source=Fort%20Myers%20Patch%20AM&#038;body=Catch+up+on+what+you+need+to+know+from+the+Fort+Myers+Patch+AM+daily+update%3A+https%3A%2F%2Fpatch.com%2Fflorida%2Ffort-myers&#038;utm_source=patch&#038;utm_medium=email&#038;utm_campaign=pilot\" target=\"_blank\" class=\"text-weight-bold text-green-8 sans\">Compartilhe para Nextdoor<\/a>     <a href=\"https:\/\/www.facebook.com\/share.php?u=https:\/\/patch.com\/florida\/fort-myers&#038;title=Catch+up+on+what+you+need+to+know+from+the+Fort+Myers+Patch+AM+daily+update%3A+https%3A%2F%2Fpatch.com%2Fflorida%2Ffort-myers\" target=\"_blank\" class=\"text-weight-bold text-light-blue-10 sans\">Compartilhe no Facebook<\/a><\/p>\n<\/div>\n<p><br \/>\n<br \/><a href=\"http:\/\/patch.com\/florida\/fort-myers\/fort-myers-piers-set-reconstruction-nodx-20250201?utm_source=article-mostrecent&#038;utm_medium=rss&#038;utm_term=community%20corner&#038;utm_campaign=recirc&#038;utm_content=aol\">Source link <\/a><\/p>","protected":false},"excerpt":{"rendered":"<p>Ol\u00e1, Fort Myers! Aqui est\u00e1 um dia de descoberta &#8211; vamos come\u00e7ar com o que est\u00e1 acontecendo na cidade e ao redor da cidade. Leia e fique no loop. \u2615\ufe0f\ufe0f&hellip;<\/p>","protected":false},"author":1,"featured_media":71100,"comment_status":"closed","ping_status":"open","sticky":false,"template":"","format":"standard","meta":{"content-type":"","footnotes":""},"categories":[1],"tags":[],"class_list":["post-98118","post","type-post","status-publish","format-standard","has-post-thumbnail","hentry","category-uncategorized"],"_links":{"self":[{"href":"https:\/\/tvbrazilusa.com\/pt\/wp-json\/wp\/v2\/posts\/98118","targetHints":{"allow":["GET"]}}],"collection":[{"href":"https:\/\/tvbrazilusa.com\/pt\/wp-json\/wp\/v2\/posts"}],"about":[{"href":"https:\/\/tvbrazilusa.com\/pt\/wp-json\/wp\/v2\/types\/post"}],"author":[{"embeddable":true,"href":"https:\/\/tvbrazilusa.com\/pt\/wp-json\/wp\/v2\/users\/1"}],"replies":[{"embeddable":true,"href":"https:\/\/tvbrazilusa.com\/pt\/wp-json\/wp\/v2\/comments?post=98118"}],"version-history":[{"count":1,"href":"https:\/\/tvbrazilusa.com\/pt\/wp-json\/wp\/v2\/posts\/98118\/revisions"}],"predecessor-version":[{"id":98119,"href":"https:\/\/tvbrazilusa.com\/pt\/wp-json\/wp\/v2\/posts\/98118\/revisions\/98119"}],"wp:featuredmedia":[{"embeddable":true,"href":"https:\/\/tvbrazilusa.com\/pt\/wp-json\/wp\/v2\/media\/71100"}],"wp:attachment":[{"href":"https:\/\/tvbrazilusa.com\/pt\/wp-json\/wp\/v2\/media?parent=98118"}],"wp:term":[{"taxonomy":"category","embeddable":true,"href":"https:\/\/tvbrazilusa.com\/pt\/wp-json\/wp\/v2\/categories?post=98118"},{"taxonomy":"post_tag","embeddable":true,"href":"https:\/\/tvbrazilusa.com\/pt\/wp-json\/wp\/v2\/tags?post=98118"}],"curies":[{"name":"wp","href":"https:\/\/api.w.org\/{rel}","templated":true}]}}