{"id":98132,"date":"2025-02-01T15:18:12","date_gmt":"2025-02-01T15:18:12","guid":{"rendered":"https:\/\/tvbrazilusa.com\/2025\/02\/01\/na-manha-deste-sabado-01-mais-tres-refens-israelenses-sao-libertados-apos-484-dias\/"},"modified":"2025-02-01T15:18:14","modified_gmt":"2025-02-01T15:18:14","slug":"na-manha-deste-sabado-01-mais-tres-refens-israelenses-sao-libertados-apos-484-dias","status":"publish","type":"post","link":"https:\/\/tvbrazilusa.com\/pt\/2025\/02\/01\/na-manha-deste-sabado-01-mais-tres-refens-israelenses-sao-libertados-apos-484-dias\/","title":{"rendered":"Na manh\u00e3 deste s\u00e1bado (01), mais tr\u00eas ref\u00e9ns israelenses s\u00e3o libertados ap\u00f3s 484 dias"},"content":{"rendered":"<p> <script async src=\"https:\/\/pagead2.googlesyndication.com\/pagead\/js\/adsbygoogle.js?client=ca-pub-8864793242727901\"\r\n     crossorigin=\"anonymous\"><\/script><br \/>\n<\/p>\n<div id=\"taboola-read-more\" style=\"display:block; width:100%\">\n<p>O grupo terrorista Hamas libertou na manh\u00e3 deste s\u00e1bado (hor\u00e1rio local) mais tr\u00eas ref\u00e9ns israelenses como parte do acordo de cessar-fogo na Faixa de Gaza. Os ref\u00e9ns foram entregues \u00e0 Cruz Vermelha, respons\u00e1vel pelo transporte, e j\u00e1 est\u00e3o em Israel.\n<\/p>\n<p>Os libertados s\u00e3o Yarden Bibas, Ofer Kalderon e Keith Siegel. Bibas e Kalderon foram soltos na cidade de Khan Younis, no sul de Gaza, enquanto Siegel foi entregue no Porto de Gaza.\u00a0<\/p>\n<p>Em troca, Israel deve libertar 182 prisioneiros palestinos.\n<\/p>\n<p><strong>O drama da fam\u00edlia Bibas<\/strong>\n<\/p>\n<p>Yarden Bibas, de 35 anos, foi capturado em 7 de outubro de 2023 no kibutz Nir Oz. Ele foi separado da esposa, Shiri Bibas, de origem argentina, e dos filhos Ariel, de 4 anos, e Kfir, de apenas 8 meses na \u00e9poca do sequestro.\n<\/p>\n<p>Segundo o grupo terrorista, Shiri Bibas e seus dois filhos \u2014 Ariel e Kfir\u2014 foram mortos em ataques israelenses a terroristas na Faixa de Gaza.\n<\/p>\n<p>Israel n\u00e3o confirmou oficialmente as mortes, mas expressou \u201cgrave preocupa\u00e7\u00e3o\u201d com o destino das crian\u00e7as Bibas.\n<\/p>\n<p>Ap\u00f3s ser libertado, Yarden se reuniu com o pai, Eli, e a irm\u00e3, Ofri, em uma instala\u00e7\u00e3o militar israelense ap\u00f3s 484 dias de cativeiro. Ele foi transportado por helic\u00f3ptero para um hospital no centro de Israel.\n<\/p>\n<p><strong>Ofer Kalderon<\/strong>\n<\/p>\n<p>Ofer Kalderon, de 54 anos, foi sequestrado no kibutz Nir Oz junto com seus filhos, Erez e Sahar, ent\u00e3o com 12 e 16 anos. Os adolescentes foram libertados na primeira tr\u00e9gua, em novembro de 2023.\n<\/p>\n<p>Carpinteiro e praticante de mountain bike, passou seus anivers\u00e1rios de 53 e 54 anos no cativeiro. Ap\u00f3s sua liberta\u00e7\u00e3o, foi encaminhado para um hospital no centro de Israel.\n<\/p>\n<p>O presidente franc\u00eas, Emmanuel Macron, celebrou a liberta\u00e7\u00e3o de Kalderon e manifestou solidariedade a outro ref\u00e9m franco-israelense ainda mantido pelo Hamas.\n<\/p>\n<p>\u201cOfer Calderon est\u00e1 livre! Compartilhamos o imenso al\u00edvio e alegria de sua fam\u00edlia ap\u00f3s 483 dias de inferno inimagin\u00e1vel\u201d, escreveu Macron no X.\n<\/p>\n<p>\u201cNossos pensamentos est\u00e3o com Ohad Yahalomi, ainda nas m\u00e3os do Hamas, e sua fam\u00edlia. A Fran\u00e7a est\u00e1 fazendo tudo ao seu alcance para garantir sua liberta\u00e7\u00e3o imediata.\u201d\n<\/p>\n<p><strong>Keith Siegel<\/strong>\n<\/p>\n<p>Keith Siegel, de 65 anos, cidad\u00e3o americano-israelense, foi sequestrado no kibutz Kfar Aza com a esposa, Aviva Siegel, libertada na primeira troca de ref\u00e9ns em novembro de 2023.\n<\/p>\n<p>Em um v\u00eddeo divulgado pelo Hamas em abril de 2024, Siegel apareceu chorando e demonstrando medo.\n<\/p>\n<p>A esposa relatou \u00e0 AFP que os sequestradores invadiram sua casa, os levaram de pijamas e agrediram Keith, quebrando suas costelas. O casal tem quatro filhos e cinco netos.\n<\/p>\n<p><strong>Israel promete continuar negocia\u00e7\u00f5es<\/strong>\n<\/p>\n<p>O primeiro-ministro israelense, Benjamin Netanyahu, celebrou a liberta\u00e7\u00e3o dos ref\u00e9ns e reafirmou o compromisso do governo em trazer de volta todos os sequestrados.\n<\/p>\n<p>Israel tamb\u00e9m refor\u00e7ou sua preocupa\u00e7\u00e3o com o paradeiro de Shiri Bibas e seus filhos.\n<\/p>\n<p>A troca de ref\u00e9ns faz parte da primeira fase do acordo de cessar-fogo, iniciado em 19 de janeiro. A lista de ref\u00e9ns previstos para liberta\u00e7\u00e3o ainda inclui mulheres e crian\u00e7as, mas Israel alertou que alguns podem ter morrido no cativeiro.\n<\/p>\n<p>Al\u00e9m dos tr\u00eas homens, o grupo terrorista palestino libertou at\u00e9 o momento dez dos ref\u00e9ns israelenses envolvidos no acordo, al\u00e9m de cinco tailandeses.\n<\/p>\n<p>Romi Gonen, Emily Damari e Doron Steinbrecher foram as primeiras ref\u00e9ns a serem libertadas no domingo, 19, primeiro dia do cessar-fogo.\n<\/p>\n<p>As militares Karina Ariev, Daniela Gilboa, Naama Levy e Liri Albag foram soltas no s\u00e1bado, 25.\n<\/p>\n<p>Agam Berger, Arbel Yehoud e Gadi Mozes foram libertados na quinta, 30.\n<\/p>\n<p>Fonte: O Antagonista              <\/p>\n<\/div>\n<p><br \/>\n<br \/><a href=\"https:\/\/diariodobrasilnoticias.com.br\/noticia\/na-manha-deste-sabado-01-mais-tres-refens-israelenses-sao-libertados-apos-484-dias-679e251c934a3\">Source link <\/a><\/p>","protected":false},"excerpt":{"rendered":"<p>O grupo terrorista Hamas libertou na manh\u00e3 deste s\u00e1bado (hor\u00e1rio local) mais tr\u00eas ref\u00e9ns israelenses como parte do acordo de cessar-fogo na Faixa de Gaza. Os ref\u00e9ns foram entregues \u00e0&hellip;<\/p>","protected":false},"author":1,"featured_media":98133,"comment_status":"closed","ping_status":"open","sticky":false,"template":"","format":"standard","meta":{"content-type":"","footnotes":""},"categories":[16],"tags":[123,2448,5313,1267],"class_list":["post-98132","post","type-post","status-publish","format-standard","has-post-thumbnail","hentry","category-noticias","tag-brasil","tag-diario","tag-noticia","tag-noticias"],"_links":{"self":[{"href":"https:\/\/tvbrazilusa.com\/pt\/wp-json\/wp\/v2\/posts\/98132","targetHints":{"allow":["GET"]}}],"collection":[{"href":"https:\/\/tvbrazilusa.com\/pt\/wp-json\/wp\/v2\/posts"}],"about":[{"href":"https:\/\/tvbrazilusa.com\/pt\/wp-json\/wp\/v2\/types\/post"}],"author":[{"embeddable":true,"href":"https:\/\/tvbrazilusa.com\/pt\/wp-json\/wp\/v2\/users\/1"}],"replies":[{"embeddable":true,"href":"https:\/\/tvbrazilusa.com\/pt\/wp-json\/wp\/v2\/comments?post=98132"}],"version-history":[{"count":1,"href":"https:\/\/tvbrazilusa.com\/pt\/wp-json\/wp\/v2\/posts\/98132\/revisions"}],"predecessor-version":[{"id":98134,"href":"https:\/\/tvbrazilusa.com\/pt\/wp-json\/wp\/v2\/posts\/98132\/revisions\/98134"}],"wp:featuredmedia":[{"embeddable":true,"href":"https:\/\/tvbrazilusa.com\/pt\/wp-json\/wp\/v2\/media\/98133"}],"wp:attachment":[{"href":"https:\/\/tvbrazilusa.com\/pt\/wp-json\/wp\/v2\/media?parent=98132"}],"wp:term":[{"taxonomy":"category","embeddable":true,"href":"https:\/\/tvbrazilusa.com\/pt\/wp-json\/wp\/v2\/categories?post=98132"},{"taxonomy":"post_tag","embeddable":true,"href":"https:\/\/tvbrazilusa.com\/pt\/wp-json\/wp\/v2\/tags?post=98132"}],"curies":[{"name":"wp","href":"https:\/\/api.w.org\/{rel}","templated":true}]}}