{"id":98141,"date":"2025-02-01T15:46:23","date_gmt":"2025-02-01T15:46:23","guid":{"rendered":"https:\/\/tvbrazilusa.com\/2025\/02\/01\/riscos-para-o-governo-lula-aumentam-com-novo-comando-do-congresso\/"},"modified":"2025-02-01T15:46:24","modified_gmt":"2025-02-01T15:46:24","slug":"riscos-para-o-governo-lula-aumentam-com-novo-comando-do-congresso","status":"publish","type":"post","link":"https:\/\/tvbrazilusa.com\/pt\/2025\/02\/01\/riscos-para-o-governo-lula-aumentam-com-novo-comando-do-congresso\/","title":{"rendered":"Riscos para o governo Lula aumentam com novo comando do Congresso"},"content":{"rendered":"<p> <script async src=\"https:\/\/pagead2.googlesyndication.com\/pagead\/js\/adsbygoogle.js?client=ca-pub-8864793242727901\"\r\n     crossorigin=\"anonymous\"><\/script><br \/>\n<\/p>\n<div id=\"taboola-read-more\" style=\"display:block; width:100%\">\n<p>O novo comando do Congresso, que assume neste s\u00e1bado (1\u00ba), amplia o risco pol\u00edtico para o presidente Luiz In\u00e1cio Lula da Silva (PT) na segunda metade deste mandato e, consequentemente, o potencial de mais instabilidade pol\u00edtica at\u00e9 2026.\n<\/p>\n<p>Esse cen\u00e1rio decorre de v\u00e1rios motivos.<\/p>\n<p>Vamos a eles.\n<\/p>\n<p>O primeiro \u00e9 que se faz preciso constatar que, a partir de segunda-feira (3), quando come\u00e7am de fato os trabalhos legislativos, uma chave em Bras\u00edlia ter\u00e1 virado.\n<\/p>\n<p>Se nos \u00faltimos dois anos, a C\u00e2mara, sob o comando de Arthur Lira (PP-AL), foi mais independente e agressiva com o Pal\u00e1cio do Planalto, esse papel agora dever\u00e1 ser exercido pelo Senado de Davi Alcolumbre.\n<\/p>\n<p>Na mesma l\u00f3gica, se nos \u00faltimos dois anos, o Senado de Rodrigo Pacheco foi mais comedido e moderado com o Planalto, esse papel, a partir de segunda-feira, tende a ser da C\u00e2mara de Hugo Motta.\n<\/p>\n<p>Um dos principais dirigentes partid\u00e1rios do pa\u00eds disse de forma reservada \u00e0 CNN que Davi estar\u00e1 para Arthur Lira como Hugo Motta estar\u00e1 para Rodrigo Pacheco.\n<\/p>\n<p>A premissa dessa avalia\u00e7\u00e3o \u00e9 compartilhada tamb\u00e9m por deputados e senadores com quem a CNN conversou nesta semana. E \u00e9 o perfil pol\u00edtico de Alcolumbre que justifica a an\u00e1lise, al\u00e9m do hist\u00f3rico dele na passagem anterior pelo cargo, durante a primeira metade do governo Jair Bolsonaro.\n<\/p>\n<p>O senador tem, como principal agenda, a defesa agressiva dos pr\u00f3prios interesses e dos outros senadores. Isso significa que a agenda legislativa andar\u00e1 na mesma propor\u00e7\u00e3o em que ele e o Senado forem atendidos. O problema \u00e9 que o cen\u00e1rio apresenta mais pontos de dissenso do que de consenso entre os Poderes.\n<\/p>\n<p>\u00c9 o caso das emendas parlamentares. Muito do poder conquistado por Alcolumbre no Senado e na pol\u00edtica brasileira, nos \u00faltimos anos, decorre do poder que lhe foi transferido por Bolsonaro para a gest\u00e3o de emendas parlamentares, ainda na \u00e9poca do or\u00e7amento secreto.\n<\/p>\n<p>\u00c9 justamente o tema no qual o ex-ministro de Lula e atual magistrado do Supremo Tribunal Federal (STF), Fl\u00e1vio Dino, tra\u00e7a uma cruzada, com apoio discreto do governo, para tirar o papel do Congresso nessa gest\u00e3o.\n<\/p>\n<p>O segundo ponto decorre deste das emendas. O STF, o MPF e a PF avan\u00e7am em investiga\u00e7\u00f5es de desmandos na utiliza\u00e7\u00e3o desse mecanismo parlamentar, que, a rigor, abastece, de recursos p\u00fablicos federais, as bases de deputados e senadores e faz a engrenagem da micropol\u00edtica girar.\n<\/p>\n<p>O caso mais vistoso \u00e9 o do \u201cRei do Lixo\u201d, que saiu da primeira inst\u00e2ncia de Salvador para a Corte em janeiro, e est\u00e1 sob relatoria de Nunes Marques. Alcolumbre n\u00e3o \u00e9 investigado, mas um relat\u00f3rio da PF cita a chefe de gabinete dele como interlocutora do empres\u00e1rio no Congresso.\n<\/p>\n<p>A leitura comum hoje, no Legislativo, \u00e9 que o rumo dessa investiga\u00e7\u00e3o tem potencial explosivo e ser\u00e1 definidora das rela\u00e7\u00f5es entre os Poderes. Nunes Marques quer fazer o desembargador do TRF1, Carlos Brand\u00e3o, ministro do STJ. Uma das grandes d\u00favidas em Bras\u00edlia, hoje, \u00e9 se ele avan\u00e7a no caso e atende a um, at\u00e9 agora, discreto interesse do governo de fragilizar Alcolumbre ou se ele segura o caso contra o novo presidente do Senado e conta com o estilo Alcolumbre para ajudar a colocar o aliado no STJ.\n<\/p>\n<p>Isso tudo em um ambiente j\u00e1 em curso de movimenta\u00e7\u00e3o do Senado para, al\u00e9m de segurar as emendas sob controle do Congresso, avan\u00e7ar sobre as ag\u00eancias reguladoras e sobre espa\u00e7os estrat\u00e9gicos e bilion\u00e1rios do governo, como o Minist\u00e9rio de Minas e Energia.\n<\/p>\n<p>Interesses n\u00e3o atendidos do Senado passar\u00e3o a significar interesses do governo suspensos na casa. Apenas como exemplo: em 2021, Alcolumbre segurou, por mais de tr\u00eas meses, a sabatina de Andr\u00e9 Mendon\u00e7a para a CCJ, ap\u00f3s ter interesses contrariados com o governo Bolsonaro. \u00c9 poss\u00edvel prever, por exemplo, que a licen\u00e7a para explorar petr\u00f3leo na margem equatorial, bandeira de Alcolumbre, entre nesse jogo.\n<\/p>\n<p><strong>C\u00e2mara<\/strong>\n<\/p>\n<p>Na C\u00e2mara, o cen\u00e1rio para Lula, na superf\u00edcie, parece ser mais tranquilo, mas tamb\u00e9m apresenta percal\u00e7os.\n<\/p>\n<p>Hugo Motta, relatam dez entre dez pol\u00edticos, \u00e9 moderado, conciliador, busca consensos e evita o confronto.\n<\/p>\n<p>No entanto, importante observar alguns pontos sobre ele e a C\u00e2mara.\n<\/p>\n<p>O primeiro \u00e9 que o principal mentor pol\u00edtico dele \u00e9 o senador Ciro Nogueira (PP-PI), ex-Casa Civil de Bolsonaro e que planeja uma candidatura anti-Lula em 2026. \u00c9 a ele que Hugo Motta consultar\u00e1 nos conflitos daquele que talvez, hoje, seja o cargo mais poderoso da Rep\u00fablica. Interessa a Ciro um Lula forte ou fraco em 2026? A resposta \u00e9 \u00f3bvia.\n<\/p>\n<p>O segundo ponto \u00e9 que Motta \u00e9 do mesmo partido do governador de S\u00e3o Paulo, Tarc\u00edsio de Freitas. Embora negue interesse em se candidatar em 2026, n\u00e3o \u00e9 pouca coisa que o nome mais forte para derrotar Lula e o PT em 2026 seja correligion\u00e1rio do presidente da C\u00e2mara. Na \u00faltima segunda-feira, Tarc\u00edsio e Bolsonaro receberam Motta em um jantar em S\u00e3o Paulo, o que deixa claro que, se faltava ao presidenci\u00e1vel um aliado de peso como porta de entrada no universo de Bras\u00edlia, ele passa a ter.\n<\/p>\n<p>O terceiro ponto \u00e9 que, como a ampla maioria do Congresso, Motta \u00e9 de direita e avesso \u00e0 agenda econ\u00f4mica petista. O deputado foi voto seguro nos governos Temer e Bolsonaro nas reformas econ\u00f4micas liberalizantes, que foram aprovadas pelo Congresso e, nas \u00faltimas semanas, sinalizou ao mercado que mant\u00e9m essas posi\u00e7\u00f5es a despeito da agenda estatizante e intervencionista do PT.\n<\/p>\n<p>O quarto ponto \u00e9 que a C\u00e2mara come\u00e7a o segundo bi\u00eanio de Lula com um Centr\u00e3o dividido e que come\u00e7a a dar sinais de desgarramento de Lula. O presidente do PSD, Gilberto Kassab, j\u00e1 deu uma luz nesta semana ao tra\u00e7ar um cen\u00e1rio ruim para Lula em 2026. Some-se a isso o projeto presidencial do Uni\u00e3o Brasil e uma insatisfa\u00e7\u00e3o com o que considera ter havido digital do governo na Opera\u00e7\u00e3o Overclean (\u201cRei do Lixo\u201d).\n<\/p>\n<p>Al\u00e9m de um Republicanos dividido entre o Pal\u00e1cio do Planalto e dos Bandeirantes, tem-se um caldo em ebuli\u00e7\u00e3o. A rigor, no Centr\u00e3o hoje, o partido mais pr\u00f3ximo de Lula \u00e9 o MDB.\n<\/p>\n<p>Tudo isso, dentro do Congresso, se agrava com o que ocorre fora dele. Infla\u00e7\u00e3o em alta, popularidade em baixa e um governo que teima em n\u00e3o adequar a rota.\n<\/p>\n<p>Lula, claro, tem instrumentos na m\u00e3o para neutralizar esse cen\u00e1rio, mas a f\u00f3rmula de distribuir cargos e emendas n\u00e3o funciona em Bras\u00edlia h\u00e1 mais de dez anos. A sa\u00edda seria uma composi\u00e7\u00e3o pol\u00edtica em torno dos aspectos pol\u00edticos, jur\u00eddicos e, principalmente, policiais envolvendo as emendas parlamentares, mas essa \u00e9, hoje, a agenda que cria o am\u00e1lgama entre Lula e o STF, a grande alian\u00e7a dessa quadra da pol\u00edtica brasileira. Contra a qual o Congresso est\u00e1 disposto a lutar.\n<\/p>\n<p>Fonte: CNN              <\/p>\n<\/div>\n<p><br \/>\n<br \/><a href=\"https:\/\/diariodobrasilnoticias.com.br\/noticia\/riscos-para-o-governo-lula-aumentam-com-novo-comando-do-congresso-679e26a615910\">Source link <\/a><\/p>","protected":false},"excerpt":{"rendered":"<p>O novo comando do Congresso, que assume neste s\u00e1bado (1\u00ba), amplia o risco pol\u00edtico para o presidente Luiz In\u00e1cio Lula da Silva (PT) na segunda metade deste mandato e, consequentemente,&hellip;<\/p>","protected":false},"author":1,"featured_media":98142,"comment_status":"closed","ping_status":"open","sticky":false,"template":"","format":"standard","meta":{"content-type":"","footnotes":""},"categories":[16],"tags":[123,2448,5313,1267],"class_list":["post-98141","post","type-post","status-publish","format-standard","has-post-thumbnail","hentry","category-noticias","tag-brasil","tag-diario","tag-noticia","tag-noticias"],"_links":{"self":[{"href":"https:\/\/tvbrazilusa.com\/pt\/wp-json\/wp\/v2\/posts\/98141","targetHints":{"allow":["GET"]}}],"collection":[{"href":"https:\/\/tvbrazilusa.com\/pt\/wp-json\/wp\/v2\/posts"}],"about":[{"href":"https:\/\/tvbrazilusa.com\/pt\/wp-json\/wp\/v2\/types\/post"}],"author":[{"embeddable":true,"href":"https:\/\/tvbrazilusa.com\/pt\/wp-json\/wp\/v2\/users\/1"}],"replies":[{"embeddable":true,"href":"https:\/\/tvbrazilusa.com\/pt\/wp-json\/wp\/v2\/comments?post=98141"}],"version-history":[{"count":1,"href":"https:\/\/tvbrazilusa.com\/pt\/wp-json\/wp\/v2\/posts\/98141\/revisions"}],"predecessor-version":[{"id":98143,"href":"https:\/\/tvbrazilusa.com\/pt\/wp-json\/wp\/v2\/posts\/98141\/revisions\/98143"}],"wp:featuredmedia":[{"embeddable":true,"href":"https:\/\/tvbrazilusa.com\/pt\/wp-json\/wp\/v2\/media\/98142"}],"wp:attachment":[{"href":"https:\/\/tvbrazilusa.com\/pt\/wp-json\/wp\/v2\/media?parent=98141"}],"wp:term":[{"taxonomy":"category","embeddable":true,"href":"https:\/\/tvbrazilusa.com\/pt\/wp-json\/wp\/v2\/categories?post=98141"},{"taxonomy":"post_tag","embeddable":true,"href":"https:\/\/tvbrazilusa.com\/pt\/wp-json\/wp\/v2\/tags?post=98141"}],"curies":[{"name":"wp","href":"https:\/\/api.w.org\/{rel}","templated":true}]}}