{"id":98144,"date":"2025-02-01T15:59:27","date_gmt":"2025-02-01T15:59:27","guid":{"rendered":"https:\/\/tvbrazilusa.com\/2025\/02\/01\/apos-demissao-da-rede-globo-o-jornalista-rodrigo-bocardi-se-pronuncia-pela-primeira-vez-um-susto\/"},"modified":"2025-02-01T15:59:29","modified_gmt":"2025-02-01T15:59:29","slug":"apos-demissao-da-rede-globo-o-jornalista-rodrigo-bocardi-se-pronuncia-pela-primeira-vez-um-susto","status":"publish","type":"post","link":"https:\/\/tvbrazilusa.com\/pt\/2025\/02\/01\/apos-demissao-da-rede-globo-o-jornalista-rodrigo-bocardi-se-pronuncia-pela-primeira-vez-um-susto\/","title":{"rendered":"Ap\u00f3s demiss\u00e3o da Rede Globo, o jornalista Rodrigo Bocardi se pronuncia pela primeira vez: \u201cUm susto\u201d"},"content":{"rendered":"<p> <script async src=\"https:\/\/pagead2.googlesyndication.com\/pagead\/js\/adsbygoogle.js?client=ca-pub-8864793242727901\"\r\n     crossorigin=\"anonymous\"><\/script><br \/>\n<\/p>\n<div id=\"taboola-read-more\" style=\"display:block; width:100%\">\n<p>O jornalista Rodrigo Bocardi, 49, se pronunciou na noite desta sexta-feira (31) sobre sua demiss\u00e3o da TV Globo. Em um v\u00eddeo nas redes sociais, ele comentou a trajet\u00f3ria na emissora e descreveu o desligamento como \u201cum susto\u201d.\n<\/p>\n<p>\u201cE a\u00ed, pessoal, tudo bem? Sim, est\u00e1 tudo bem. Olha s\u00f3, que dia hein! Eu quero compartilhar esse sentimento com voc\u00eas, est\u00e1 tudo bem. Eu n\u00e3o quis deixar passar tanto tempo para dar uma satisfa\u00e7\u00e3o para voc\u00eas depois do grande susto de ontem\u201d, iniciou Bocardi.<\/p>\n<p>Em seu relato, o ex-apresentador do Bom Dia S\u00e3o Paulo agradeceu a emissora, na qual foi correspondente em Nova York e substituiu \u00e2ncoras em outros telejornais.\n<\/p>\n<p>\u201cVou fazer aqui um depoimento no improviso, da maneira que eu gosto, sem texto, sem nada, para agradecer. Agradecer a TV Globo, 25 anos\u2026 Um quarto de s\u00e9culo. Quanto aprendizado, quanta oportunidade. A gente fez muita coisa, a gente chorou, a gente sorriu, a gente se divertiu, a gente ficou de mau humor, a gente fez tudo isso\u201d, continuou.\n<\/p>\n<p>Com sua sa\u00edda do Bom Dia S\u00e3o Paulo, Sabina Simonato assumiu a apresenta\u00e7\u00e3o do telejornal matinal.\n<\/p>\n<p>A demiss\u00e3o de Bocardi foi anunciada pela TV Globo, na \u00faltima quinta (30). Segundo a emissora, a decis\u00e3o foi tomada pelo descumprimento de \u201cnormas \u00e9ticas\u201d do jornalista, que estava na TV Globo h\u00e1 25 anos.\n<\/p>\n<p>Entenda o que \u00e9 compliance, motivo da demiss\u00e3o de Rodrigo Bocardi\n<\/p>\n<p>Leia o depoimento na \u00edntegra:\n<\/p>\n<p><em>E a\u00ed, pessoal, tudo bem? Sim, est\u00e1 tudo bem. Olha s\u00f3, que dia hein! Eu quero compartilhar esse sentimento com voc\u00eas, est\u00e1 tudo bem. Eu n\u00e3o quis deixar passar tanto tempo para dar uma satisfa\u00e7\u00e3o para voc\u00eas depois do grande susto de ontem. Vou fazer aqui um depoimento no improviso, da maneira que eu gosto, sem texto, sem nada, para agradecer. Agradecer a TV Globo, 25 anos\u2026 Um quarto de s\u00e9culo. Quanto aprendizado, quanta oportunidade. A gente fez muita coisa, a gente chorou, a gente sorriu, a gente se divertiu, a gente ficou de mau humor, a gente fez tudo isso.<\/em>\n<\/p>\n<p><em>E o principal: a gente conseguiu construir essa conex\u00e3o. Uma conex\u00e3o crescente, forte, potente, n\u00e9?! De todos os dias de intera\u00e7\u00e3o, de respeito, de carinho comigo, que eu s\u00f3 agrade\u00e7o. Isso \u00e9 especial. E de cr\u00edtica e cobran\u00e7a. E eu tentando ser a voz de todos ali, fazendo as cr\u00edticas contundentes muitas vezes, n\u00e3o agradando a todos. Mas eu quero dizer para voc\u00eas que, nesse per\u00edodo, eu atuei da mesma forma. 25 anos com os mesmos princ\u00edpios, ent\u00e3o \u00e9 isso que deixa a minha consci\u00eancia tranquila. Bem tranquila.<\/em>\n<\/p>\n<p><em>Quero dizer para voc\u00eas que vou aparecer mais vezes por aqui, a gente vai se falar mais, a gente est\u00e1 junto, n\u00e3o tem essa. E quem sabe tamb\u00e9m em outros lugares, dizendo \u2018 bom dia, boa tarde, boa noite\u2019, vai ser o qu\u00ea? Tem um futuro bonito a\u00ed, temos muitos caminhos para percorrermos juntos.<\/em>\n<\/p>\n<p><em>Fiquem bem, aceitem essa minha tranquilidade, o agradecimento \u00e0 voc\u00eas e o agradecimento \u00e0 TV Globo. Boa sorte ao Bom Dia S\u00e3o Paulo, que continue sendo a pot\u00eancia que sempre foi e a gente se v\u00ea. Final de semana est\u00e1 chegando, curtam da mesma forma que eu vou curtir. E amanh\u00e3, j\u00e1 sabe n\u00e9?! Durma at\u00e9 acordar.<\/em>\n<\/p>\n<p>Fonte: CNN              <\/p>\n<\/div>\n<p><br \/>\n<br \/><a href=\"https:\/\/diariodobrasilnoticias.com.br\/noticia\/apos-demissao-da-rede-globo-o-jornalista-rodrigo-bocardi-se-pronuncia-pela-primeira-vez-um-susto-679e2c560c7c5\">Source link <\/a><\/p>","protected":false},"excerpt":{"rendered":"<p>O jornalista Rodrigo Bocardi, 49, se pronunciou na noite desta sexta-feira (31) sobre sua demiss\u00e3o da TV Globo. Em um v\u00eddeo nas redes sociais, ele comentou a trajet\u00f3ria na emissora&hellip;<\/p>","protected":false},"author":1,"featured_media":98145,"comment_status":"closed","ping_status":"open","sticky":false,"template":"","format":"standard","meta":{"content-type":"","footnotes":""},"categories":[16],"tags":[123,2448,5313,1267],"class_list":["post-98144","post","type-post","status-publish","format-standard","has-post-thumbnail","hentry","category-noticias","tag-brasil","tag-diario","tag-noticia","tag-noticias"],"_links":{"self":[{"href":"https:\/\/tvbrazilusa.com\/pt\/wp-json\/wp\/v2\/posts\/98144","targetHints":{"allow":["GET"]}}],"collection":[{"href":"https:\/\/tvbrazilusa.com\/pt\/wp-json\/wp\/v2\/posts"}],"about":[{"href":"https:\/\/tvbrazilusa.com\/pt\/wp-json\/wp\/v2\/types\/post"}],"author":[{"embeddable":true,"href":"https:\/\/tvbrazilusa.com\/pt\/wp-json\/wp\/v2\/users\/1"}],"replies":[{"embeddable":true,"href":"https:\/\/tvbrazilusa.com\/pt\/wp-json\/wp\/v2\/comments?post=98144"}],"version-history":[{"count":1,"href":"https:\/\/tvbrazilusa.com\/pt\/wp-json\/wp\/v2\/posts\/98144\/revisions"}],"predecessor-version":[{"id":98146,"href":"https:\/\/tvbrazilusa.com\/pt\/wp-json\/wp\/v2\/posts\/98144\/revisions\/98146"}],"wp:featuredmedia":[{"embeddable":true,"href":"https:\/\/tvbrazilusa.com\/pt\/wp-json\/wp\/v2\/media\/98145"}],"wp:attachment":[{"href":"https:\/\/tvbrazilusa.com\/pt\/wp-json\/wp\/v2\/media?parent=98144"}],"wp:term":[{"taxonomy":"category","embeddable":true,"href":"https:\/\/tvbrazilusa.com\/pt\/wp-json\/wp\/v2\/categories?post=98144"},{"taxonomy":"post_tag","embeddable":true,"href":"https:\/\/tvbrazilusa.com\/pt\/wp-json\/wp\/v2\/tags?post=98144"}],"curies":[{"name":"wp","href":"https:\/\/api.w.org\/{rel}","templated":true}]}}