{"id":98156,"date":"2025-02-01T16:41:06","date_gmt":"2025-02-01T16:41:06","guid":{"rendered":"https:\/\/tvbrazilusa.com\/2025\/02\/01\/no-rn-juiz-absolve-acusados-de-contrabando-e-alega-que-a-policia-civil-fez-operacao-ilegal-em-vez-de-chamar-a-pf\/"},"modified":"2025-02-01T16:41:11","modified_gmt":"2025-02-01T16:41:11","slug":"no-rn-juiz-absolve-acusados-de-contrabando-e-alega-que-a-policia-civil-fez-operacao-ilegal-em-vez-de-chamar-a-pf","status":"publish","type":"post","link":"https:\/\/tvbrazilusa.com\/pt\/2025\/02\/01\/no-rn-juiz-absolve-acusados-de-contrabando-e-alega-que-a-policia-civil-fez-operacao-ilegal-em-vez-de-chamar-a-pf\/","title":{"rendered":"No RN, juiz absolve acusados de contrabando e alega que a Pol\u00edcia Civil fez opera\u00e7\u00e3o ilegal em vez de chamar a PF"},"content":{"rendered":"<p> <script async src=\"https:\/\/pagead2.googlesyndication.com\/pagead\/js\/adsbygoogle.js?client=ca-pub-8864793242727901\"\r\n     crossorigin=\"anonymous\"><\/script><br \/>\n<\/p>\n<div id=\"taboola-read-more\" style=\"display:block; width:100%\">\n<p>A Justi\u00e7a Federal absolveu seis pessoas que haviam sido acusadas pelo Minist\u00e9rio P\u00fablico de venda ilegal de cigarros no bairro do Alecrim, em Natal. Eles foram flagrados vendendo os produtos em outubro de 2022, durante uma opera\u00e7\u00e3o policial, e foram denunciados pelos crimes de contrabando e associa\u00e7\u00e3o criminosa. A decis\u00e3o de absolve-los foi do juiz Walter Nunes, da 2\u00aa Vara Federal do Rio Grande do Norte. Cabe recurso.\n<\/p>\n<p>O juiz absolveu os acusados por entender que a opera\u00e7\u00e3o conduzida pela Pol\u00edcia Civil foi ilegal. Por lei, o crime de contrabando \u00e9 federal e, portanto, est\u00e1 fora da jurisdi\u00e7\u00e3o da pol\u00edcia local. No entendimento do juiz, a a\u00e7\u00e3o deveria ter sido realizada pela Pol\u00edcia Federal.<\/p>\n<p>O delegado respons\u00e1vel pela apura\u00e7\u00e3o argumentou que fez a opera\u00e7\u00e3o porque, dias antes, havia sido acionado para uma ocorr\u00eancia de roubo de cargas. Na ocasi\u00e3o, os bandidos fugiram. Como a carga foi destinada para o Alecrim, ele entendeu que poderia atuar no combate a este crime.\n<\/p>\n<p>No entanto, Walter Nunes escreveu que, entre as ocorr\u00eancias de roubo de cargas e ve\u00edculos em Maca\u00edba \u2013 quando j\u00e1 se sabia tratar-se de crime de contrabando de cigarros \u2013, e a opera\u00e7\u00e3o realizada no Alecrim, houve tempo suficiente para que a Pol\u00edcia Federal fosse acionada.\n<\/p>\n<p>O magistrado argumentou tamb\u00e9m que os policiais desrespeitaram os princ\u00edpios de cadeia de cust\u00f3dia das provas e inviolabilidade de domic\u00edlio. Al\u00e9m disso, aplicou o \u201cprinc\u00edpio da insignific\u00e2ncia\u201d aos acusados flagrados com menos de 1 mil ma\u00e7os de cigarros.\n<\/p>\n<p>\u201cObjetivamente, portanto, se tem nos autos a realiza\u00e7\u00e3o de uma opera\u00e7\u00e3o policial precipitada, ilegal, no bairro do Alecrim, em Natal, liderada pelo delegado do Munic\u00edpio de Maca\u00edba, acompanhada da documenta\u00e7\u00e3o produzida apenas a partir do momento do flagrante, e voltada exclusivamente ao crime de contrabando de cigarros importados. Nada al\u00e9m disso\u201d, escreveu o magistrado na senten\u00e7a.\n<\/p>\n<p>O magistrado reputou ainda ilegal a entrada, sem ordem judicial ou urg\u00eancia que a justificasse, em uma sala comercial que servia de dep\u00f3sito dos cigarros. Ele observou tamb\u00e9m que n\u00e3o havia filmagens realizadas pela pol\u00edcia e nem foi indicada, pela per\u00edcia, a marca de 700 pacotes de cigarros atribu\u00eddos a uma acusada que teria \u201cposi\u00e7\u00e3o de lideran\u00e7a\u201d.\n<\/p>\n<p>Ele chamou aten\u00e7\u00e3o que a precipitada opera\u00e7\u00e3o deixou de analisar comprovantes de transa\u00e7\u00f5es banc\u00e1rias e agenda com anota\u00e7\u00f5es, e destacou que \u201ccaso tivesse sido conduzida pela autoridade competente, no seu tempo e modo adequados, a investiga\u00e7\u00e3o certamente traria elementos muito mais robustos \u00e0 a\u00e7\u00e3o penal, e especialmente respeitada a cadeia cust\u00f3dia das provas\u201d.\n<\/p>\n<p>Fonte: 98FM Natal              <\/p>\n<\/div>\n<p><br \/>\n<br \/><a href=\"https:\/\/diariodobrasilnoticias.com.br\/noticia\/no-rn-juiz-absolve-acusados-de-contrabando-e-alega-que-a-policia-civil-fez-operacao-ilegal-em-vez-de-chamar-a-pf-679e3391685eb\">Source link <\/a><\/p>","protected":false},"excerpt":{"rendered":"<p>A Justi\u00e7a Federal absolveu seis pessoas que haviam sido acusadas pelo Minist\u00e9rio P\u00fablico de venda ilegal de cigarros no bairro do Alecrim, em Natal. Eles foram flagrados vendendo os produtos&hellip;<\/p>","protected":false},"author":1,"featured_media":98157,"comment_status":"closed","ping_status":"open","sticky":false,"template":"","format":"standard","meta":{"content-type":"","footnotes":""},"categories":[16],"tags":[123,2448,5313,1267],"class_list":["post-98156","post","type-post","status-publish","format-standard","has-post-thumbnail","hentry","category-noticias","tag-brasil","tag-diario","tag-noticia","tag-noticias"],"_links":{"self":[{"href":"https:\/\/tvbrazilusa.com\/pt\/wp-json\/wp\/v2\/posts\/98156","targetHints":{"allow":["GET"]}}],"collection":[{"href":"https:\/\/tvbrazilusa.com\/pt\/wp-json\/wp\/v2\/posts"}],"about":[{"href":"https:\/\/tvbrazilusa.com\/pt\/wp-json\/wp\/v2\/types\/post"}],"author":[{"embeddable":true,"href":"https:\/\/tvbrazilusa.com\/pt\/wp-json\/wp\/v2\/users\/1"}],"replies":[{"embeddable":true,"href":"https:\/\/tvbrazilusa.com\/pt\/wp-json\/wp\/v2\/comments?post=98156"}],"version-history":[{"count":1,"href":"https:\/\/tvbrazilusa.com\/pt\/wp-json\/wp\/v2\/posts\/98156\/revisions"}],"predecessor-version":[{"id":98158,"href":"https:\/\/tvbrazilusa.com\/pt\/wp-json\/wp\/v2\/posts\/98156\/revisions\/98158"}],"wp:featuredmedia":[{"embeddable":true,"href":"https:\/\/tvbrazilusa.com\/pt\/wp-json\/wp\/v2\/media\/98157"}],"wp:attachment":[{"href":"https:\/\/tvbrazilusa.com\/pt\/wp-json\/wp\/v2\/media?parent=98156"}],"wp:term":[{"taxonomy":"category","embeddable":true,"href":"https:\/\/tvbrazilusa.com\/pt\/wp-json\/wp\/v2\/categories?post=98156"},{"taxonomy":"post_tag","embeddable":true,"href":"https:\/\/tvbrazilusa.com\/pt\/wp-json\/wp\/v2\/tags?post=98156"}],"curies":[{"name":"wp","href":"https:\/\/api.w.org\/{rel}","templated":true}]}}