{"id":98162,"date":"2025-02-01T16:52:44","date_gmt":"2025-02-01T16:52:44","guid":{"rendered":"https:\/\/tvbrazilusa.com\/2025\/02\/01\/apos-alca-da-bengala-quebrar-papa-francisco-tropeca-ao-entrar-no-auditorio-do-vaticano\/"},"modified":"2025-02-01T16:52:45","modified_gmt":"2025-02-01T16:52:45","slug":"apos-alca-da-bengala-quebrar-papa-francisco-tropeca-ao-entrar-no-auditorio-do-vaticano","status":"publish","type":"post","link":"https:\/\/tvbrazilusa.com\/pt\/2025\/02\/01\/apos-alca-da-bengala-quebrar-papa-francisco-tropeca-ao-entrar-no-auditorio-do-vaticano\/","title":{"rendered":"Ap\u00f3s al\u00e7a da bengala quebrar, Papa Francisco trope\u00e7a ao entrar no audit\u00f3rio do Vaticano"},"content":{"rendered":"<p> <script async src=\"https:\/\/pagead2.googlesyndication.com\/pagead\/js\/adsbygoogle.js?client=ca-pub-8864793242727901\"\r\n     crossorigin=\"anonymous\"><\/script><br \/>\n<\/p>\n<div id=\"taboola-read-more\" style=\"display:block; width:100%\">\n<p>O Papa Francisco trope\u00e7ou ao entrar no audit\u00f3rio do Vaticano para uma audi\u00eancia no s\u00e1bado (1\u00ba), ap\u00f3s a al\u00e7a de sua bengala quebrar. O pont\u00edfice n\u00e3o se machucou, mas precisou ser auxiliado para sentar-se na cadeira no palco.\n<\/p>\n<p>Aos 88 anos, Francisco tem dificuldades de mobilidade e muitas vezes precisa usar uma cadeira de rodas. Com problemas nos joelhos, o Papa j\u00e1 caiu duas vezes nos \u00faltimos dois meses.<\/p>\n<p>Em dezembro, o papa bateu o queixo na mesa de cabeceira, que lhe causou um hematoma. No in\u00edcio de janeiro, Francisco caiu, machucou o bra\u00e7o direito e teve que usar uma tipoia como precau\u00e7\u00e3o.\n<\/p>\n<p>A sa\u00fade de Francisco \u00e9 preocupa\u00e7\u00e3o constante do Vaticano. No ano passado, o pont\u00edfice afirmou que uma eventual ren\u00fancia do comando da Igreja Cat\u00f3lica \u00e9 uma &#8220;hip\u00f3tese distante&#8221;.\n<\/p>\n<p>\u201cEsta \u00e9 uma hip\u00f3tese distante, porque n\u00e3o tenho raz\u00f5es suficientemente s\u00e9rias para me fazer pensar em desistir\u201d, disse em mar\u00e7o.\n<\/p>\n<p>O Papa Bento XVI quebrou 600 anos de tradi\u00e7\u00e3o e renunciou ao papado em 2013. Os assessores de Bento atribu\u00edram a decis\u00e3o a uma queda noturna que ele sofreu durante uma viagem ao M\u00e9xico em 2012, ap\u00f3s a qual ele determinou que n\u00e3o poderia acompanhar as exig\u00eancias globais do papado.\n<\/p>\n<p>Em sua autobiografia &#8220;Hope&#8221;, lan\u00e7ada este m\u00eas, Francisco disse que n\u00e3o considerou renunciar, mesmo quando passou por uma grande cirurgia intestinal.\n<\/p>\n<p>Fonte: g1              <\/p>\n<\/div>\n<p><br \/>\n<br \/><a href=\"https:\/\/diariodobrasilnoticias.com.br\/noticia\/apos-alca-da-bengala-quebrar-papa-francisco-tropeca-ao-entrar-no-auditorio-do-vaticano-679e392170faa\">Source link <\/a><\/p>","protected":false},"excerpt":{"rendered":"<p>O Papa Francisco trope\u00e7ou ao entrar no audit\u00f3rio do Vaticano para uma audi\u00eancia no s\u00e1bado (1\u00ba), ap\u00f3s a al\u00e7a de sua bengala quebrar. O pont\u00edfice n\u00e3o se machucou, mas precisou&hellip;<\/p>","protected":false},"author":1,"featured_media":98163,"comment_status":"closed","ping_status":"open","sticky":false,"template":"","format":"standard","meta":{"content-type":"","footnotes":""},"categories":[16],"tags":[123,2448,5313,1267],"class_list":["post-98162","post","type-post","status-publish","format-standard","has-post-thumbnail","hentry","category-noticias","tag-brasil","tag-diario","tag-noticia","tag-noticias"],"_links":{"self":[{"href":"https:\/\/tvbrazilusa.com\/pt\/wp-json\/wp\/v2\/posts\/98162","targetHints":{"allow":["GET"]}}],"collection":[{"href":"https:\/\/tvbrazilusa.com\/pt\/wp-json\/wp\/v2\/posts"}],"about":[{"href":"https:\/\/tvbrazilusa.com\/pt\/wp-json\/wp\/v2\/types\/post"}],"author":[{"embeddable":true,"href":"https:\/\/tvbrazilusa.com\/pt\/wp-json\/wp\/v2\/users\/1"}],"replies":[{"embeddable":true,"href":"https:\/\/tvbrazilusa.com\/pt\/wp-json\/wp\/v2\/comments?post=98162"}],"version-history":[{"count":1,"href":"https:\/\/tvbrazilusa.com\/pt\/wp-json\/wp\/v2\/posts\/98162\/revisions"}],"predecessor-version":[{"id":98164,"href":"https:\/\/tvbrazilusa.com\/pt\/wp-json\/wp\/v2\/posts\/98162\/revisions\/98164"}],"wp:featuredmedia":[{"embeddable":true,"href":"https:\/\/tvbrazilusa.com\/pt\/wp-json\/wp\/v2\/media\/98163"}],"wp:attachment":[{"href":"https:\/\/tvbrazilusa.com\/pt\/wp-json\/wp\/v2\/media?parent=98162"}],"wp:term":[{"taxonomy":"category","embeddable":true,"href":"https:\/\/tvbrazilusa.com\/pt\/wp-json\/wp\/v2\/categories?post=98162"},{"taxonomy":"post_tag","embeddable":true,"href":"https:\/\/tvbrazilusa.com\/pt\/wp-json\/wp\/v2\/tags?post=98162"}],"curies":[{"name":"wp","href":"https:\/\/api.w.org\/{rel}","templated":true}]}}