{"id":98180,"date":"2025-02-01T17:46:23","date_gmt":"2025-02-01T17:46:23","guid":{"rendered":"https:\/\/tvbrazilusa.com\/2025\/02\/01\/sites-que-discutem-crise-climatica-serao-removidos-apos-ordem-de-donald-trump\/"},"modified":"2025-02-01T17:46:24","modified_gmt":"2025-02-01T17:46:24","slug":"sites-que-discutem-crise-climatica-serao-removidos-apos-ordem-de-donald-trump","status":"publish","type":"post","link":"https:\/\/tvbrazilusa.com\/pt\/2025\/02\/01\/sites-que-discutem-crise-climatica-serao-removidos-apos-ordem-de-donald-trump\/","title":{"rendered":"Sites que discutem crise clim\u00e1tica ser\u00e3o removidos ap\u00f3s ordem de Donald Trump"},"content":{"rendered":"<p> <script async src=\"https:\/\/pagead2.googlesyndication.com\/pagead\/js\/adsbygoogle.js?client=ca-pub-8864793242727901\"\r\n     crossorigin=\"anonymous\"><\/script><br \/>\n<\/p>\n<div id=\"taboola-read-more\" style=\"display:block; width:100%\">\n<p>O presidente dos Estados Unidos, Donald Trump (Republicano), ordenou na 5\u00aa feira (30.jan.2025) que o Departamento de Agricultura remova sites governamentais que discutem a crise clim\u00e1tica.\n<\/p>\n<p>Segundo informa\u00e7\u00f5es do jornal digital Politico, um e-mail foi enviado aos funcion\u00e1rios da ag\u00eancia exigindo a derrubada ou o arquivamento das p\u00e1ginas. Tamb\u00e9m ordenou a documenta\u00e7\u00e3o de todos os conte\u00fados relacionados ao tema para uma poss\u00edvel revis\u00e3o.<\/p>\n<p>Ainda n\u00e3o est\u00e1 claro o que a ag\u00eancia far\u00e1 com os sites ou com as pol\u00edticas e estudos publicados.\n<\/p>\n<p>At\u00e9 a publica\u00e7\u00e3o desta reportagem, alguns links como o do Climate Hubs da USDA, que s\u00e3o centros regionais que auxiliam agricultores a adaptar suas pr\u00e1ticas \u00e0s mudan\u00e7as clim\u00e1ticas, e do Forest Service (Servi\u00e7o Florestal) estavam ativos.\n<\/p>\n<p>A medida pode reduzir a transpar\u00eancia, prejudicar programas de adapta\u00e7\u00e3o agr\u00edcola e limitar pesquisas essenciais, dificultando a formula\u00e7\u00e3o de pol\u00edticas p\u00fablicas e a resposta a desastres naturais. Tamb\u00e9m pode enfraquecer a posi\u00e7\u00e3o dos EUA em negocia\u00e7\u00f5es globais sobre o clima.\n<\/p>\n<p>Ela est\u00e1 alinhada com a abordagem de Trump durante sua campanha presidencial. O republicano frequentemente minimizou ou rejeitou as evid\u00eancias e a\u00e7\u00f5es relacionadas \u00e0s mudan\u00e7as clim\u00e1ticas.\n<\/p>\n<p>Em 21 de janeiro, 1 dia depois de tomar posse, voltou a retirar os Estados Unidos do Acordo de Paris, tratado internacional para reduzir a emiss\u00e3o de gases poluentes e minimizar os impactos das mudan\u00e7as clim\u00e1ticas.\n<\/p>\n<p>Trump tamb\u00e9m revogou imediatamente o Plano Internacional de Financiamento Clim\u00e1tico dos EUA e qualquer compromisso financeiro assumido pelo pa\u00eds na Conven\u00e7\u00e3o Quadro das Na\u00e7\u00f5es Unidas sobre Clima.\n<\/p>\n<p>Fonte: Poder360              <\/p>\n<\/div>\n<p><br \/>\n<br \/><a href=\"https:\/\/diariodobrasilnoticias.com.br\/noticia\/sites-que-discutem-crise-climatica-serao-removidos-apos-ordem-de-donald-trump-679e42e76d832\">Source link <\/a><\/p>","protected":false},"excerpt":{"rendered":"<p>O presidente dos Estados Unidos, Donald Trump (Republicano), ordenou na 5\u00aa feira (30.jan.2025) que o Departamento de Agricultura remova sites governamentais que discutem a crise clim\u00e1tica. Segundo informa\u00e7\u00f5es do jornal&hellip;<\/p>","protected":false},"author":1,"featured_media":98181,"comment_status":"closed","ping_status":"open","sticky":false,"template":"","format":"standard","meta":{"content-type":"","footnotes":""},"categories":[16],"tags":[123,2448,5313,1267],"class_list":["post-98180","post","type-post","status-publish","format-standard","has-post-thumbnail","hentry","category-noticias","tag-brasil","tag-diario","tag-noticia","tag-noticias"],"_links":{"self":[{"href":"https:\/\/tvbrazilusa.com\/pt\/wp-json\/wp\/v2\/posts\/98180","targetHints":{"allow":["GET"]}}],"collection":[{"href":"https:\/\/tvbrazilusa.com\/pt\/wp-json\/wp\/v2\/posts"}],"about":[{"href":"https:\/\/tvbrazilusa.com\/pt\/wp-json\/wp\/v2\/types\/post"}],"author":[{"embeddable":true,"href":"https:\/\/tvbrazilusa.com\/pt\/wp-json\/wp\/v2\/users\/1"}],"replies":[{"embeddable":true,"href":"https:\/\/tvbrazilusa.com\/pt\/wp-json\/wp\/v2\/comments?post=98180"}],"version-history":[{"count":1,"href":"https:\/\/tvbrazilusa.com\/pt\/wp-json\/wp\/v2\/posts\/98180\/revisions"}],"predecessor-version":[{"id":98182,"href":"https:\/\/tvbrazilusa.com\/pt\/wp-json\/wp\/v2\/posts\/98180\/revisions\/98182"}],"wp:featuredmedia":[{"embeddable":true,"href":"https:\/\/tvbrazilusa.com\/pt\/wp-json\/wp\/v2\/media\/98181"}],"wp:attachment":[{"href":"https:\/\/tvbrazilusa.com\/pt\/wp-json\/wp\/v2\/media?parent=98180"}],"wp:term":[{"taxonomy":"category","embeddable":true,"href":"https:\/\/tvbrazilusa.com\/pt\/wp-json\/wp\/v2\/categories?post=98180"},{"taxonomy":"post_tag","embeddable":true,"href":"https:\/\/tvbrazilusa.com\/pt\/wp-json\/wp\/v2\/tags?post=98180"}],"curies":[{"name":"wp","href":"https:\/\/api.w.org\/{rel}","templated":true}]}}