{"id":98183,"date":"2025-02-01T17:58:18","date_gmt":"2025-02-01T17:58:18","guid":{"rendered":"https:\/\/tvbrazilusa.com\/2025\/02\/01\/declaracao-da-ministra-de-gestao-e-inovacao-do-governo-lula-esther-dweck-deficit-nao-e-rombo-vira-meme-na-internet\/"},"modified":"2025-02-01T17:58:19","modified_gmt":"2025-02-01T17:58:19","slug":"declaracao-da-ministra-de-gestao-e-inovacao-do-governo-lula-esther-dweck-deficit-nao-e-rombo-vira-meme-na-internet","status":"publish","type":"post","link":"https:\/\/tvbrazilusa.com\/pt\/2025\/02\/01\/declaracao-da-ministra-de-gestao-e-inovacao-do-governo-lula-esther-dweck-deficit-nao-e-rombo-vira-meme-na-internet\/","title":{"rendered":"Declara\u00e7\u00e3o da ministra de Gest\u00e3o e Inova\u00e7\u00e3o do governo Lula, Esther Dweck, \u201cd\u00e9ficit n\u00e3o \u00e9 rombo\u201d, vira meme na internet"},"content":{"rendered":"<p> <script async src=\"https:\/\/pagead2.googlesyndication.com\/pagead\/js\/adsbygoogle.js?client=ca-pub-8864793242727901\"\r\n     crossorigin=\"anonymous\"><\/script><br \/>\n<\/p>\n<div id=\"taboola-read-more\" style=\"display:block; width:100%\">\n<p>Internautas fizeram memes depois de a ministra da Gest\u00e3o e Inova\u00e7\u00e3o, Esther Dweck, declarar que o deficit de R$ 8,07 bilh\u00f5es das empresas estatais, o maior da hist\u00f3ria, n\u00e3o deve ser classificado como \u201crombo\u201d. Segundo a ministra, o resultado negativo \u00e9 s\u00f3 uma demonstra\u00e7\u00e3o cont\u00e1bil e n\u00e3o deve ser classificado como preju\u00edzo, porque a maioria das empresas seria lucrativa.\n<\/p>\n<p>As estatais fecharam 2024 com o maior deficit da s\u00e9rie hist\u00f3rica, iniciada em 2002. O Banco Central divulgou o relat\u00f3rio \u201cEstat\u00edsticas Fiscais\u201d na 6\u00aa feira (31.jan.2025).\u00a0<\/p>\n<p>As publica\u00e7\u00f5es dos internautas fazem piada com a frase de Dweck e questionam se empresas privadas contratariam a ministra. Um usu\u00e1rio no X (ex-Twitter) ironizou, dizendo que \u201cparece rombo, tem jeito de rombo, cheira a rombo, mas n\u00e3o \u00e9 rombo\u201d.\n<\/p>\n<div style=\"display: flex; flex-direction: row; justify-content: center; width: 100%;\">\n<blockquote class=\"twitter-tweet\">\n<p dir=\"ltr\" lang=\"pt\">A ministra da Gest\u00e3o e Inova\u00e7\u00e3o, Esther Dweck, explica que rombo n\u00e3o \u00e9 rombo. Tem cara de rombo, jeito de rombo, cheiro de rombo, mas n\u00e3o se identifica como um rombo. \u00c9 um transrombo. N\u00e3o por acaso, ela \u00e9 ministra da, entre outras coisas, INOVA\u00c7\u00c3O. <a href=\"https:\/\/t.co\/HKlNcpbQnL\">pic.twitter.com\/HKlNcpbQnL<\/a><br \/>\n\u2014 Junio Amaral (@cabojunioamaral) <a href=\"https:\/\/twitter.com\/cabojunioamaral\/status\/1885392463373774936?ref_src=twsrc%5Etfw\">January 31, 2025<\/a><\/p>\n<\/blockquote>\n<\/div>\n<div style=\"display: flex; flex-direction: row; justify-content: center; width: 100%;\">\n<blockquote class=\"twitter-tweet\"><p>Eis outras publica\u00e7\u00f5es nas redes sociais:<\/p><\/blockquote>\n<\/div><\/div>\n<p><script async src=\"\/\/platform.twitter.com\/widgets.js\" charset=\"utf-8\"><\/script><br \/>\n<br \/><br \/>\n<br \/><a href=\"https:\/\/diariodobrasilnoticias.com.br\/noticia\/declaracao-da-ministra-de-gestao-e-inovacao-do-governo-lula-esther-dweck-deficit-nao-e-rombo-vira-meme-na-internet-679e3ca14c4ed\">Source link <\/a><\/p>","protected":false},"excerpt":{"rendered":"<p>Internautas fizeram memes depois de a ministra da Gest\u00e3o e Inova\u00e7\u00e3o, Esther Dweck, declarar que o deficit de R$ 8,07 bilh\u00f5es das empresas estatais, o maior da hist\u00f3ria, n\u00e3o deve&hellip;<\/p>","protected":false},"author":1,"featured_media":98184,"comment_status":"closed","ping_status":"open","sticky":false,"template":"","format":"standard","meta":{"content-type":"","footnotes":""},"categories":[16],"tags":[123,2448,5313,1267],"class_list":["post-98183","post","type-post","status-publish","format-standard","has-post-thumbnail","hentry","category-noticias","tag-brasil","tag-diario","tag-noticia","tag-noticias"],"_links":{"self":[{"href":"https:\/\/tvbrazilusa.com\/pt\/wp-json\/wp\/v2\/posts\/98183","targetHints":{"allow":["GET"]}}],"collection":[{"href":"https:\/\/tvbrazilusa.com\/pt\/wp-json\/wp\/v2\/posts"}],"about":[{"href":"https:\/\/tvbrazilusa.com\/pt\/wp-json\/wp\/v2\/types\/post"}],"author":[{"embeddable":true,"href":"https:\/\/tvbrazilusa.com\/pt\/wp-json\/wp\/v2\/users\/1"}],"replies":[{"embeddable":true,"href":"https:\/\/tvbrazilusa.com\/pt\/wp-json\/wp\/v2\/comments?post=98183"}],"version-history":[{"count":1,"href":"https:\/\/tvbrazilusa.com\/pt\/wp-json\/wp\/v2\/posts\/98183\/revisions"}],"predecessor-version":[{"id":98185,"href":"https:\/\/tvbrazilusa.com\/pt\/wp-json\/wp\/v2\/posts\/98183\/revisions\/98185"}],"wp:featuredmedia":[{"embeddable":true,"href":"https:\/\/tvbrazilusa.com\/pt\/wp-json\/wp\/v2\/media\/98184"}],"wp:attachment":[{"href":"https:\/\/tvbrazilusa.com\/pt\/wp-json\/wp\/v2\/media?parent=98183"}],"wp:term":[{"taxonomy":"category","embeddable":true,"href":"https:\/\/tvbrazilusa.com\/pt\/wp-json\/wp\/v2\/categories?post=98183"},{"taxonomy":"post_tag","embeddable":true,"href":"https:\/\/tvbrazilusa.com\/pt\/wp-json\/wp\/v2\/tags?post=98183"}],"curies":[{"name":"wp","href":"https:\/\/api.w.org\/{rel}","templated":true}]}}