{"id":98186,"date":"2025-02-01T18:04:08","date_gmt":"2025-02-01T18:04:08","guid":{"rendered":"https:\/\/tvbrazilusa.com\/2025\/02\/01\/as-equipes-de-bombeiros-de-brookfield-apagaram-o-fogo-da-garagem\/"},"modified":"2025-02-01T18:04:48","modified_gmt":"2025-02-01T18:04:48","slug":"as-equipes-de-bombeiros-de-brookfield-apagaram-o-fogo-da-garagem","status":"publish","type":"post","link":"https:\/\/tvbrazilusa.com\/pt\/2025\/02\/01\/as-equipes-de-bombeiros-de-brookfield-apagaram-o-fogo-da-garagem\/","title":{"rendered":"As equipes de bombeiros de Brookfield apagaram o fogo da garagem"},"content":{"rendered":"<p> <script async src=\"https:\/\/pagead2.googlesyndication.com\/pagead\/js\/adsbygoogle.js?client=ca-pub-8864793242727901\"\r\n     crossorigin=\"anonymous\"><\/script><br \/>\n<\/p>\n<p>BROOKFIELD, Connecticut (WTNH) &#8211; Uma garagem pegou fogo no s\u00e1bado de manh\u00e3, dizem as autoridades. <\/p>\n<p>Os servi\u00e7os de emerg\u00eancia de Brookfield foram enviados para Brookfield Meadows, por volta das 6h07, para um inc\u00eandio de estrutura relatada. <\/p>\n<div class=\"wp-block-jetpack-slideshow aligncenter\" data-effect=\"slide\">\n<div class=\"wp-block-jetpack-slideshow_container swiper-container\">\n<ul class=\"wp-block-jetpack-slideshow_swiper-wrapper swiper-wrapper\">\n<li class=\"wp-block-jetpack-slideshow_slide swiper-slide\">\n<figure><\/figure>\n<\/li>\n<li class=\"wp-block-jetpack-slideshow_slide swiper-slide\">\n<figure><img loading=\"lazy\" decoding=\"async\" width=\"528\" height=\"449\" alt=\"\" class=\"wp-block-jetpack-slideshow_image wp-image-2107047\" data-id=\"2107047\" src=\"https:\/\/www.wtnh.com\/wp-content\/uploads\/sites\/100\/2025\/02\/brookfield-fire-2.jpg?w=528\" \/><\/figure>\n<\/li>\n<li class=\"wp-block-jetpack-slideshow_slide swiper-slide\">\n<figure><img loading=\"lazy\" decoding=\"async\" width=\"740\" height=\"564\" alt=\"\" class=\"wp-block-jetpack-slideshow_image wp-image-2107046\" data-id=\"2107046\" src=\"https:\/\/www.wtnh.com\/wp-content\/uploads\/sites\/100\/2025\/02\/brookfield-fire-1.jpg?w=740\" \/><\/figure>\n<\/li>\n<\/ul>\n<p><a class=\"wp-block-jetpack-slideshow_button-prev swiper-button-prev swiper-button-white\" role=\"button\"><\/a><a class=\"wp-block-jetpack-slideshow_button-next swiper-button-next swiper-button-white\" role=\"button\"><\/a><a aria-label=\"Pause Slideshow\" class=\"wp-block-jetpack-slideshow_button-pause\" role=\"button\"><\/a><\/p>\n<div class=\"wp-block-jetpack-slideshow_pagination swiper-pagination swiper-pagination-white\"><\/div>\n<\/div>\n<\/div>\n<p class=\"has-text-align-center\"><em>Fotos fornecidas pelo Departamento de Bombeiros de Brookfield<\/em><\/p>\n<p>Quando as equipes chegaram ao local, elas relataram um inc\u00eandio na garagem com extens\u00e3o em casa. As equipes de bombeiros atualizaram a resposta a um segundo alarme e pediram aos departamentos vizinhos para ajudar a lan\u00e7ar as chamas. <\/p>\n<p>Os bombeiros disseram que o vento fez o processo de conten\u00e7\u00e3o levar mais tempo.<\/p>\n<p>Era aproximadamente \u00e0s 8:00 da manh\u00e3 quando as equipes de bombeiros controlaram o inc\u00eandio, e as unidades limparam o local por volta das 9:21, disseram autoridades. <\/p>\n<p>Os servi\u00e7os de emerg\u00eancia de Brookfield foram assistidos pela Water Witch Hose Co 2, Stony Hill Fire, Bethel Fire, Hawleyville Fire, Bridgewater Fire e Roxbury Ambulance Rehab para domar as chamas.<\/p>\n<p>Os moradores sa\u00edram de casa com seguran\u00e7a, sem ferimentos relatados, e o escrit\u00f3rio de Brookfield Fire Marshals est\u00e1 investigando a causa do inc\u00eandio.<\/p>\n<p><br \/>\n<br \/><a href=\"https:\/\/www.wtnh.com\/news\/connecticut\/fairfield\/brookfield-fire-crews-put-out-garage-fire\/\">Source link <\/a><\/p>","protected":false},"excerpt":{"rendered":"<p>BROOKFIELD, Connecticut (WTNH) &#8211; Uma garagem pegou fogo no s\u00e1bado de manh\u00e3, dizem as autoridades. Os servi\u00e7os de emerg\u00eancia de Brookfield foram enviados para Brookfield Meadows, por volta das 6h07,&hellip;<\/p>","protected":false},"author":1,"featured_media":98187,"comment_status":"closed","ping_status":"open","sticky":false,"template":"","format":"standard","meta":{"content-type":"","footnotes":""},"categories":[1],"tags":[],"class_list":["post-98186","post","type-post","status-publish","format-standard","has-post-thumbnail","hentry","category-uncategorized"],"_links":{"self":[{"href":"https:\/\/tvbrazilusa.com\/pt\/wp-json\/wp\/v2\/posts\/98186","targetHints":{"allow":["GET"]}}],"collection":[{"href":"https:\/\/tvbrazilusa.com\/pt\/wp-json\/wp\/v2\/posts"}],"about":[{"href":"https:\/\/tvbrazilusa.com\/pt\/wp-json\/wp\/v2\/types\/post"}],"author":[{"embeddable":true,"href":"https:\/\/tvbrazilusa.com\/pt\/wp-json\/wp\/v2\/users\/1"}],"replies":[{"embeddable":true,"href":"https:\/\/tvbrazilusa.com\/pt\/wp-json\/wp\/v2\/comments?post=98186"}],"version-history":[{"count":1,"href":"https:\/\/tvbrazilusa.com\/pt\/wp-json\/wp\/v2\/posts\/98186\/revisions"}],"predecessor-version":[{"id":98188,"href":"https:\/\/tvbrazilusa.com\/pt\/wp-json\/wp\/v2\/posts\/98186\/revisions\/98188"}],"wp:featuredmedia":[{"embeddable":true,"href":"https:\/\/tvbrazilusa.com\/pt\/wp-json\/wp\/v2\/media\/98187"}],"wp:attachment":[{"href":"https:\/\/tvbrazilusa.com\/pt\/wp-json\/wp\/v2\/media?parent=98186"}],"wp:term":[{"taxonomy":"category","embeddable":true,"href":"https:\/\/tvbrazilusa.com\/pt\/wp-json\/wp\/v2\/categories?post=98186"},{"taxonomy":"post_tag","embeddable":true,"href":"https:\/\/tvbrazilusa.com\/pt\/wp-json\/wp\/v2\/tags?post=98186"}],"curies":[{"name":"wp","href":"https:\/\/api.w.org\/{rel}","templated":true}]}}