{"id":98189,"date":"2025-02-01T18:10:24","date_gmt":"2025-02-01T18:10:24","guid":{"rendered":"https:\/\/tvbrazilusa.com\/2025\/02\/01\/janones-ataca-neymar-e-vira-chacota-nas-redes-veja\/"},"modified":"2025-02-01T18:10:29","modified_gmt":"2025-02-01T18:10:29","slug":"janones-ataca-neymar-e-vira-chacota-nas-redes-veja","status":"publish","type":"post","link":"https:\/\/tvbrazilusa.com\/pt\/2025\/02\/01\/janones-ataca-neymar-e-vira-chacota-nas-redes-veja\/","title":{"rendered":"Janones ataca Neymar e vira chacota nas redes; veja"},"content":{"rendered":"<p> <script async src=\"https:\/\/pagead2.googlesyndication.com\/pagead\/js\/adsbygoogle.js?client=ca-pub-8864793242727901\"\r\n     crossorigin=\"anonymous\"><\/script><br \/>\n<\/p>\n<div id=\"taboola-read-more\" style=\"display:block; width:100%\">\n<p>Nesta sexta-feira (31), o deputado federal Andr\u00e9 Janones (Avante-MG) usou as redes sociais para criticar o jogador de futebol Neymar. O parlamentar se manifestou por conta do retorno do atleta ao Santos.\n<\/p>\n<p>\u2013 NEYMAR VOLTOU! Uma vergonha ver tanta gente tratar um sonegador de imposto que trai a esposa enquanto est\u00e1 gr\u00e1vida ser tratado como refer\u00eancia para algu\u00e9m. Ele tentou at\u00e9 entrar na privatiza\u00e7\u00e3o das praias para lucrar em cima dos outros \u2013 escreveu.<\/p>\n<p>O coment\u00e1rio negativo gerou revolta em alguns usu\u00e1rios do X.\n<\/p>\n<p>Neymar foi revelado pelo Santos e volta ao clube ap\u00f3s 12 anos. O sal\u00e1rio dele ser\u00e1 de 160 mil euros (cerca de R$ 970 mil), segundo o Lance.\n<\/p>\n<p>\u2013 P****, Janones. Agora n\u00e3o deputado, na moral. Atirando atoa pra cima sem necessidade. O Neymar politicamente pode at\u00e9 estar do lado de l\u00e1, mas qualquer um, Qualquer um mesmo que goste minimamente de futebol, neste momento ta feliz por ele estar de volta ao santos. Respire a\u00ed v\u00e1. Na moral \u2013 reagiu um perfil.\n<\/p>\n<p>\u2013 Eita dor de cotovelo, hein Rachadones, mas ele n\u00e3o participa de rachadinha \u2013 ironizou outro.\n<\/p>\n<p>\u2013 Cara, pelo amor de Deus. Na elei\u00e7\u00e3o passada vx foi muito importante. Mas agora t\u00e1 falando besteira. O cara t\u00e1 voltando pra praticar o profiss\u00e3o dele. Tbm tenho muitas cr\u00edticas a ele. Mas ele t\u00e1 fazendo uma parada legal. Deputado, menos \u2013 respondeu mais um.\n<\/p>\n<p>Confira, abaixo:\n<\/p>\n<\/p>\n<p><img fetchpriority=\"high\" decoding=\"async\" src=\"https:\/\/static.cdn.pleno.news\/2025\/02\/Screenshot-2.png\" alt=\"\" width=\"609\" height=\"292\"\/>\n<\/p>\n<p><img decoding=\"async\" src=\"https:\/\/static.cdn.pleno.news\/2025\/02\/Screenshot-3.png\" alt=\"\" width=\"623\" height=\"239\"\/>\n<\/p>\n<p>Reprodu\u00e7\u00e3o\n<\/p>\n<p>Fonte: Pleno.News              <\/p>\n<\/div>\n<p><br \/>\n<br \/><a href=\"https:\/\/diariodobrasilnoticias.com.br\/noticia\/janones-ataca-neymar-e-vira-chacota-nas-redes-veja-679e5276985bf\">Source link <\/a><\/p>","protected":false},"excerpt":{"rendered":"<p>Nesta sexta-feira (31), o deputado federal Andr\u00e9 Janones (Avante-MG) usou as redes sociais para criticar o jogador de futebol Neymar. O parlamentar se manifestou por conta do retorno do atleta&hellip;<\/p>","protected":false},"author":1,"featured_media":98190,"comment_status":"closed","ping_status":"open","sticky":false,"template":"","format":"standard","meta":{"content-type":"","footnotes":""},"categories":[16],"tags":[123,2448,5313,1267],"class_list":["post-98189","post","type-post","status-publish","format-standard","has-post-thumbnail","hentry","category-noticias","tag-brasil","tag-diario","tag-noticia","tag-noticias"],"_links":{"self":[{"href":"https:\/\/tvbrazilusa.com\/pt\/wp-json\/wp\/v2\/posts\/98189","targetHints":{"allow":["GET"]}}],"collection":[{"href":"https:\/\/tvbrazilusa.com\/pt\/wp-json\/wp\/v2\/posts"}],"about":[{"href":"https:\/\/tvbrazilusa.com\/pt\/wp-json\/wp\/v2\/types\/post"}],"author":[{"embeddable":true,"href":"https:\/\/tvbrazilusa.com\/pt\/wp-json\/wp\/v2\/users\/1"}],"replies":[{"embeddable":true,"href":"https:\/\/tvbrazilusa.com\/pt\/wp-json\/wp\/v2\/comments?post=98189"}],"version-history":[{"count":1,"href":"https:\/\/tvbrazilusa.com\/pt\/wp-json\/wp\/v2\/posts\/98189\/revisions"}],"predecessor-version":[{"id":98191,"href":"https:\/\/tvbrazilusa.com\/pt\/wp-json\/wp\/v2\/posts\/98189\/revisions\/98191"}],"wp:featuredmedia":[{"embeddable":true,"href":"https:\/\/tvbrazilusa.com\/pt\/wp-json\/wp\/v2\/media\/98190"}],"wp:attachment":[{"href":"https:\/\/tvbrazilusa.com\/pt\/wp-json\/wp\/v2\/media?parent=98189"}],"wp:term":[{"taxonomy":"category","embeddable":true,"href":"https:\/\/tvbrazilusa.com\/pt\/wp-json\/wp\/v2\/categories?post=98189"},{"taxonomy":"post_tag","embeddable":true,"href":"https:\/\/tvbrazilusa.com\/pt\/wp-json\/wp\/v2\/tags?post=98189"}],"curies":[{"name":"wp","href":"https:\/\/api.w.org\/{rel}","templated":true}]}}