{"id":98198,"date":"2025-02-01T18:36:15","date_gmt":"2025-02-01T18:36:15","guid":{"rendered":"https:\/\/tvbrazilusa.com\/2025\/02\/01\/psdb-volta-a-ter-lideranca-no-senado-apos-a-filiacao-de-dois-senadores-veja\/"},"modified":"2025-02-01T18:36:16","modified_gmt":"2025-02-01T18:36:16","slug":"psdb-volta-a-ter-lideranca-no-senado-apos-a-filiacao-de-dois-senadores-veja","status":"publish","type":"post","link":"https:\/\/tvbrazilusa.com\/pt\/2025\/02\/01\/psdb-volta-a-ter-lideranca-no-senado-apos-a-filiacao-de-dois-senadores-veja\/","title":{"rendered":"PSDB volta a ter lideran\u00e7a no Senado ap\u00f3s a filia\u00e7\u00e3o de dois senadores; veja"},"content":{"rendered":"<p> <script async src=\"https:\/\/pagead2.googlesyndication.com\/pagead\/js\/adsbygoogle.js?client=ca-pub-8864793242727901\"\r\n     crossorigin=\"anonymous\"><\/script><br \/>\n<\/p>\n<div id=\"taboola-read-more\" style=\"display:block; width:100%\">\n<p>Os senadores Styvenson Valentim (RN) e Oriovisto Guimar\u00e3es (PA) sair\u00e3o do Podemos e se filiar\u00e3o ao PSDB. O an\u00fancio foi feito pelo senador Pl\u00ednio Val\u00e9rio (PSDB-AM) neste s\u00e1bado (1\u00ba.fev.2025). Com isso, o partido volta a ter lideran\u00e7a no Senado e poder\u00e1 ter uma sala na Casa Alta.\n<\/p>\n<p>Em outubro de 2024, o PSDB perdeu o gabinete da lideran\u00e7a do partido no Senado por n\u00e3o ter o n\u00famero m\u00ednimo de congressistas filiados eleitos. O regimento interno da Casa Alta cita a necessidade de a sigla ter ao menos 3 senadores para contar com o espa\u00e7o.<\/p>\n<p>Os tucanos contavam com o gabinete desde 1988, ano da Constituinte. A sala da lideran\u00e7a do PSDB era considerada uma das melhores do Senado.\n<\/p>\n<p>Desde mar\u00e7o de 2024 at\u00e9 o an\u00fancio deste s\u00e1bado (1\u00ba.fev), o \u00fanico senador tucano era Pl\u00ednio Val\u00e9rio (PSDB-AM). Ele foi o respons\u00e1vel por articular as filia\u00e7\u00f5es e recuperar a lideran\u00e7a, que ser\u00e1 exercida por ele mesmo neste ano. Agora, o partido espera receber um novo gabinete na Casa.\n<\/p>\n<p>Val\u00e9rio disse ao Poder360 que a filia\u00e7\u00e3o dos senadores foi conquistada pela amizade e pela hist\u00f3ria do PSDB. Oriovisto Guimar\u00e3es j\u00e1 foi filiado ao partido, de 1999 a 2018.\n<\/p>\n<p>\u201cS\u00e3o parlamentares experientes. Oriovisto tem o perfil do PSDB: \u00e9 um empres\u00e1rio bem-sucedido na educa\u00e7\u00e3o e tem contribu\u00eddo com bons projetos no Senado, especialmente na \u00e1rea econ\u00f4mica. Styvenson tamb\u00e9m ser\u00e1 um excelente quadro no partido, com sua experi\u00eancia na seguran\u00e7a p\u00fablica e seu trabalho em benef\u00edcio da popula\u00e7\u00e3o potiguar\u201d, avaliou o tucano.\n<\/p>\n<p><strong>FUS\u00c3O<\/strong>\n<\/p>\n<p>As filia\u00e7\u00f5es foram anunciadas no per\u00edodo em que discute-se uma poss\u00edvel fus\u00e3o do PSDB ao PSD ou ao MDB. Val\u00e9rio \u00e9 contra a fus\u00e3o e diz que n\u00e3o est\u00e1 s\u00f3 nessa perspectiva. \u201cOs que restaram [no partido] s\u00e3o muito orgulhosos da sigla\u201d, disse.\n<\/p>\n<p>As conversas est\u00e3o adiantadas pela fus\u00e3o do PSDB com o PSD, mas uma ala do partido, liderada pelo deputado federal A\u00e9cio Neves (PSDB-MG), prefere o MDB.\n<\/p>\n<p>Fonte: Poder360              <\/p>\n<\/div>\n<p><br \/>\n<br \/><a href=\"https:\/\/diariodobrasilnoticias.com.br\/noticia\/psdb-volta-a-ter-lideranca-no-senado-apos-a-filiacao-de-dois-senadores-veja-679e3dd4bcc19\">Source link <\/a><\/p>","protected":false},"excerpt":{"rendered":"<p>Os senadores Styvenson Valentim (RN) e Oriovisto Guimar\u00e3es (PA) sair\u00e3o do Podemos e se filiar\u00e3o ao PSDB. O an\u00fancio foi feito pelo senador Pl\u00ednio Val\u00e9rio (PSDB-AM) neste s\u00e1bado (1\u00ba.fev.2025). Com&hellip;<\/p>","protected":false},"author":1,"featured_media":98199,"comment_status":"closed","ping_status":"open","sticky":false,"template":"","format":"standard","meta":{"content-type":"","footnotes":""},"categories":[16],"tags":[123,2448,5313,1267],"class_list":["post-98198","post","type-post","status-publish","format-standard","has-post-thumbnail","hentry","category-noticias","tag-brasil","tag-diario","tag-noticia","tag-noticias"],"_links":{"self":[{"href":"https:\/\/tvbrazilusa.com\/pt\/wp-json\/wp\/v2\/posts\/98198","targetHints":{"allow":["GET"]}}],"collection":[{"href":"https:\/\/tvbrazilusa.com\/pt\/wp-json\/wp\/v2\/posts"}],"about":[{"href":"https:\/\/tvbrazilusa.com\/pt\/wp-json\/wp\/v2\/types\/post"}],"author":[{"embeddable":true,"href":"https:\/\/tvbrazilusa.com\/pt\/wp-json\/wp\/v2\/users\/1"}],"replies":[{"embeddable":true,"href":"https:\/\/tvbrazilusa.com\/pt\/wp-json\/wp\/v2\/comments?post=98198"}],"version-history":[{"count":1,"href":"https:\/\/tvbrazilusa.com\/pt\/wp-json\/wp\/v2\/posts\/98198\/revisions"}],"predecessor-version":[{"id":98200,"href":"https:\/\/tvbrazilusa.com\/pt\/wp-json\/wp\/v2\/posts\/98198\/revisions\/98200"}],"wp:featuredmedia":[{"embeddable":true,"href":"https:\/\/tvbrazilusa.com\/pt\/wp-json\/wp\/v2\/media\/98199"}],"wp:attachment":[{"href":"https:\/\/tvbrazilusa.com\/pt\/wp-json\/wp\/v2\/media?parent=98198"}],"wp:term":[{"taxonomy":"category","embeddable":true,"href":"https:\/\/tvbrazilusa.com\/pt\/wp-json\/wp\/v2\/categories?post=98198"},{"taxonomy":"post_tag","embeddable":true,"href":"https:\/\/tvbrazilusa.com\/pt\/wp-json\/wp\/v2\/tags?post=98198"}],"curies":[{"name":"wp","href":"https:\/\/api.w.org\/{rel}","templated":true}]}}