{"id":98211,"date":"2025-02-01T19:16:44","date_gmt":"2025-02-01T19:16:44","guid":{"rendered":"https:\/\/tvbrazilusa.com\/2025\/02\/01\/lula-parabeniza-davi-alcolumbre-pela-eleicao-a-presidencia-do-senado\/"},"modified":"2025-02-01T19:16:45","modified_gmt":"2025-02-01T19:16:45","slug":"lula-parabeniza-davi-alcolumbre-pela-eleicao-a-presidencia-do-senado","status":"publish","type":"post","link":"https:\/\/tvbrazilusa.com\/pt\/2025\/02\/01\/lula-parabeniza-davi-alcolumbre-pela-eleicao-a-presidencia-do-senado\/","title":{"rendered":"Lula parabeniza Davi Alcolumbre pela elei\u00e7\u00e3o \u00e0 presid\u00eancia do Senado"},"content":{"rendered":"<p> <script async src=\"https:\/\/pagead2.googlesyndication.com\/pagead\/js\/adsbygoogle.js?client=ca-pub-8864793242727901\"\r\n     crossorigin=\"anonymous\"><\/script><br \/>\n<\/p>\n<div id=\"taboola-read-more\" style=\"display:block; width:100%\">\n<p>O presidente Luiz In\u00e1cio Lula da Silva (PT)\u00a0<a href=\"https:\/\/www.metropoles.com\/brasil\/davi-alcolumbre-e-eleito-novamente-presidente-do-senado-federal\" target=\"_blank\" rel=\"noopener noreferrer\">parabenizou neste s\u00e1bado (1\u00ba\/2) o senador Davi Alcolumbre (Uni\u00e3o-AP)<\/a>\u00a0por sua vit\u00f3ria na disputa pela presid\u00eancia do\u00a0<a href=\"https:\/\/www12.senado.leg.br\/hpsenado\" target=\"_blank\" rel=\"noopener noreferrer\">Senado Federal<\/a>.\n<\/p>\n<p>\u201cParab\u00e9ns ao senador Davi Alcolumbre pelo novo mandato na Presid\u00eancia do Senado e do Congresso Nacional. Caminharemos juntos na defesa da democracia e na constru\u00e7\u00e3o de um Brasil mais desenvolvido e menos desigual, com oportunidades para todo o povo brasileiro\u201d, declarou o presidente.<\/p>\n<p>Metr\u00f3poles              <\/p>\n<\/div>\n<p><br \/>\n<br \/><a href=\"https:\/\/diariodobrasilnoticias.com.br\/noticia\/lula-parabeniza-davi-alcolumbre-pela-eleicao-a-presidencia-do-senado-679e6eab074d5\">Source link <\/a><\/p>","protected":false},"excerpt":{"rendered":"<p>O presidente Luiz In\u00e1cio Lula da Silva (PT)\u00a0parabenizou neste s\u00e1bado (1\u00ba\/2) o senador Davi Alcolumbre (Uni\u00e3o-AP)\u00a0por sua vit\u00f3ria na disputa pela presid\u00eancia do\u00a0Senado Federal. \u201cParab\u00e9ns ao senador Davi Alcolumbre pelo&hellip;<\/p>","protected":false},"author":1,"featured_media":98212,"comment_status":"closed","ping_status":"open","sticky":false,"template":"","format":"standard","meta":{"content-type":"","footnotes":""},"categories":[16],"tags":[123,2448,5313,1267],"class_list":["post-98211","post","type-post","status-publish","format-standard","has-post-thumbnail","hentry","category-noticias","tag-brasil","tag-diario","tag-noticia","tag-noticias"],"_links":{"self":[{"href":"https:\/\/tvbrazilusa.com\/pt\/wp-json\/wp\/v2\/posts\/98211","targetHints":{"allow":["GET"]}}],"collection":[{"href":"https:\/\/tvbrazilusa.com\/pt\/wp-json\/wp\/v2\/posts"}],"about":[{"href":"https:\/\/tvbrazilusa.com\/pt\/wp-json\/wp\/v2\/types\/post"}],"author":[{"embeddable":true,"href":"https:\/\/tvbrazilusa.com\/pt\/wp-json\/wp\/v2\/users\/1"}],"replies":[{"embeddable":true,"href":"https:\/\/tvbrazilusa.com\/pt\/wp-json\/wp\/v2\/comments?post=98211"}],"version-history":[{"count":1,"href":"https:\/\/tvbrazilusa.com\/pt\/wp-json\/wp\/v2\/posts\/98211\/revisions"}],"predecessor-version":[{"id":98213,"href":"https:\/\/tvbrazilusa.com\/pt\/wp-json\/wp\/v2\/posts\/98211\/revisions\/98213"}],"wp:featuredmedia":[{"embeddable":true,"href":"https:\/\/tvbrazilusa.com\/pt\/wp-json\/wp\/v2\/media\/98212"}],"wp:attachment":[{"href":"https:\/\/tvbrazilusa.com\/pt\/wp-json\/wp\/v2\/media?parent=98211"}],"wp:term":[{"taxonomy":"category","embeddable":true,"href":"https:\/\/tvbrazilusa.com\/pt\/wp-json\/wp\/v2\/categories?post=98211"},{"taxonomy":"post_tag","embeddable":true,"href":"https:\/\/tvbrazilusa.com\/pt\/wp-json\/wp\/v2\/tags?post=98211"}],"curies":[{"name":"wp","href":"https:\/\/api.w.org\/{rel}","templated":true}]}}