{"id":98214,"date":"2025-02-01T19:28:52","date_gmt":"2025-02-01T19:28:52","guid":{"rendered":"https:\/\/tvbrazilusa.com\/2025\/02\/01\/apos-taxacao-das\/"},"modified":"2025-02-01T19:28:54","modified_gmt":"2025-02-01T19:28:54","slug":"apos-taxacao-das","status":"publish","type":"post","link":"https:\/\/tvbrazilusa.com\/pt\/2025\/02\/01\/apos-taxacao-das\/","title":{"rendered":"Ap\u00f3s taxa\u00e7\u00e3o das"},"content":{"rendered":"<p> <script async src=\"https:\/\/pagead2.googlesyndication.com\/pagead\/js\/adsbygoogle.js?client=ca-pub-8864793242727901\"\r\n     crossorigin=\"anonymous\"><\/script><br \/>\n<\/p>\n<div id=\"taboola-read-more\" style=\"display:block; width:100%\">\n<p>O presidente dos Correios, Fabiano Silva dos Santos, disse nesta 6\u00aa feira (31.jan.2025) que o impacto da taxa\u00e7\u00e3o federal de 20% sobre as \u201ccomprinhas\u201d de at\u00e9 U$ 50 (R$ 292,45, na cota\u00e7\u00e3o atual) foi de R$ 2,2 bilh\u00f5es. O deficit total da estatal em 2024 foi de R$ 3,2 bilh\u00f5es.\n<\/p>\n<p>O n\u00famero representa o maior preju\u00edzo da hist\u00f3ria da estatal no per\u00edodo. O ritmo, sob a gest\u00e3o do governo do presidente Luiz In\u00e1cio Lula da Silva (PT) supera o deficit de 2015, de R$ 2,1 bilh\u00f5es, quando Dilma Rousseff (PT) era titular do Pal\u00e1cio do Planalto.<\/p>\n<p>Conforme apurou o Poder360, os c\u00e1lculos divulgados refentes a taxa\u00e7\u00e3o das \u201cblusinhas\u201d est\u00e3o superestimados e giram em torno de R$ 500 milh\u00f5es a R$ 700 milh\u00f5es. Em 2021, auge das importa\u00e7\u00f5es de plataformas de comprinhas durante a pandemia, a receita total nessa opera\u00e7\u00e3o foi de R$ 1,5 bilh\u00e3o. Questionado sobre essa diferen\u00e7a, Fabiano n\u00e3o respondeu.\n<\/p>\n<p>Como mostrou este jornal digital, em 3 de dezembro, os Correios disseram que a tributa\u00e7\u00e3o das compras internacionais foi uma das raz\u00f5es pela qual a receita caiu.\n<\/p>\n<p>\u201cA receita projetada para 2024 foi reduzida de R$ 22,7 bilh\u00f5es para R$ 20,1 bilh\u00f5es, o que representa um crescimento de 1,5% em rela\u00e7\u00e3o a 2023. As medidas administrativas adotadas reduziram a proje\u00e7\u00e3o de despesa de R$ 22,5 bilh\u00f5es para R$ 21,9 bilh\u00f5es, representando uma redu\u00e7\u00e3o de 1,8% (R$ 600 milh\u00f5es) em rela\u00e7\u00e3o a 2023\u201d, disse a estatal.\u00a0\n<\/p>\n<p>O presidente dos Correios \u00e9 Fabiano Silva dos Santos, de 47 anos. \u00c9 advogado e foi indicado ao cargo pelo Prerrogativas, grupo de operadores do direito simp\u00e1ticos ao presidente Lula. O coletivo atuou e segue atuando fortemente contra as acusa\u00e7\u00f5es de processos da Lava Jato.\n<\/p>\n<p>Fabiano \u00e9 do Prerr\u00f4, como o coletivo \u00e9 chamado, e tem rela\u00e7\u00e3o de amizade com o deputado federal Zeca Dirceu (PT-PR), filho do ex-ministro Jos\u00e9 Dirceu. \u00c9 conhecido como o\u201cchurrasqueiro de Lula\u201d.\n<\/p>\n<p>Fonte: Poder360\n              <\/p>\n<\/div>\n<p><br \/>\n<br \/><a href=\"https:\/\/diariodobrasilnoticias.com.br\/noticia\/apos-taxacao-das-blusinhas-pelo-governo-lula-correios-registrou-deficit-historico-de-r-2-2-bilhoes-679e4df650251\">Source link <\/a><\/p>","protected":false},"excerpt":{"rendered":"<p>O presidente dos Correios, Fabiano Silva dos Santos, disse nesta 6\u00aa feira (31.jan.2025) que o impacto da taxa\u00e7\u00e3o federal de 20% sobre as \u201ccomprinhas\u201d de at\u00e9 U$ 50 (R$ 292,45,&hellip;<\/p>","protected":false},"author":1,"featured_media":98215,"comment_status":"closed","ping_status":"open","sticky":false,"template":"","format":"standard","meta":{"content-type":"","footnotes":""},"categories":[16],"tags":[123,2448,5313,1267],"class_list":["post-98214","post","type-post","status-publish","format-standard","has-post-thumbnail","hentry","category-noticias","tag-brasil","tag-diario","tag-noticia","tag-noticias"],"_links":{"self":[{"href":"https:\/\/tvbrazilusa.com\/pt\/wp-json\/wp\/v2\/posts\/98214","targetHints":{"allow":["GET"]}}],"collection":[{"href":"https:\/\/tvbrazilusa.com\/pt\/wp-json\/wp\/v2\/posts"}],"about":[{"href":"https:\/\/tvbrazilusa.com\/pt\/wp-json\/wp\/v2\/types\/post"}],"author":[{"embeddable":true,"href":"https:\/\/tvbrazilusa.com\/pt\/wp-json\/wp\/v2\/users\/1"}],"replies":[{"embeddable":true,"href":"https:\/\/tvbrazilusa.com\/pt\/wp-json\/wp\/v2\/comments?post=98214"}],"version-history":[{"count":1,"href":"https:\/\/tvbrazilusa.com\/pt\/wp-json\/wp\/v2\/posts\/98214\/revisions"}],"predecessor-version":[{"id":98216,"href":"https:\/\/tvbrazilusa.com\/pt\/wp-json\/wp\/v2\/posts\/98214\/revisions\/98216"}],"wp:featuredmedia":[{"embeddable":true,"href":"https:\/\/tvbrazilusa.com\/pt\/wp-json\/wp\/v2\/media\/98215"}],"wp:attachment":[{"href":"https:\/\/tvbrazilusa.com\/pt\/wp-json\/wp\/v2\/media?parent=98214"}],"wp:term":[{"taxonomy":"category","embeddable":true,"href":"https:\/\/tvbrazilusa.com\/pt\/wp-json\/wp\/v2\/categories?post=98214"},{"taxonomy":"post_tag","embeddable":true,"href":"https:\/\/tvbrazilusa.com\/pt\/wp-json\/wp\/v2\/tags?post=98214"}],"curies":[{"name":"wp","href":"https:\/\/api.w.org\/{rel}","templated":true}]}}