{"id":98223,"date":"2025-02-01T19:55:31","date_gmt":"2025-02-01T19:55:31","guid":{"rendered":"https:\/\/tvbrazilusa.com\/2025\/02\/01\/lider-do-governo-no-congresso-randolfe-rodrigues-pt-beija-a-mao-de-alcolumbre-durante-sessao-de-eleicao\/"},"modified":"2025-02-01T19:55:32","modified_gmt":"2025-02-01T19:55:32","slug":"lider-do-governo-no-congresso-randolfe-rodrigues-pt-beija-a-mao-de-alcolumbre-durante-sessao-de-eleicao","status":"publish","type":"post","link":"https:\/\/tvbrazilusa.com\/pt\/2025\/02\/01\/lider-do-governo-no-congresso-randolfe-rodrigues-pt-beija-a-mao-de-alcolumbre-durante-sessao-de-eleicao\/","title":{"rendered":"L\u00edder do governo no Congresso, Randolfe Rodrigues (PT), beija a m\u00e3o de Alcolumbre durante sess\u00e3o de elei\u00e7\u00e3o"},"content":{"rendered":"<p> <script async src=\"https:\/\/pagead2.googlesyndication.com\/pagead\/js\/adsbygoogle.js?client=ca-pub-8864793242727901\"\r\n     crossorigin=\"anonymous\"><\/script><br \/>\n<\/p>\n<div id=\"taboola-read-more\" style=\"display:block; width:100%\">\n<p>O l\u00edder do Governo no Congresso, Randolfe Rodrigues (PT-AP), beijou a m\u00e3o de Davi Alcolumbre (Uni\u00e3o Brasil-AP) durante a sess\u00e3o para eleger o presidente do Senado. O gesto \u00e9 simb\u00f3lico, porque o governo de Luiz In\u00e1cio Lula da Silva (PT) tem tentado estabelecer uma rela\u00e7\u00e3o com Alcolumbre.\n<\/p>\n<p>O momento foi registrado pelo rep\u00f3rter fotogr\u00e1fico do Poder360, S\u00e9rgio Lima.<\/p>\n<p>Randolfe era cr\u00edtico de Alcolumbre, mas mudou de lado e agora \u00e9 apoiador do amapaense. Inclusive, Randolfe ofereceu nesta semana um jantar a ele.\n<\/p>\n<p>Mais cedo, antes da abertura da sess\u00e3o, o l\u00edder do Governo no Senado, Jaques Wagner (PT-BA), disse esperar que o governo tenha uma boa rela\u00e7\u00e3o com Alcolumbre. O ministro de Rela\u00e7\u00f5es Institucionais, Alexandre Padilha, tamb\u00e9m estava na sess\u00e3o e foi cumprimentar Alcolumbre.\n<\/p>\n<p>O Pal\u00e1cio do Planalto precisa manter uma rela\u00e7\u00e3o amistosa com os presidentes da C\u00e2mara e do Senado para conseguir emplacar sua pauta de projetos no Congresso, entre eles, os do pacote de corte de gastos.\n<\/p>\n<p>Lula n\u00e3o explicitou seu voto a Alcolumbre. O PT, seu partido, no entanto, declarou apoio ao amapaense.\n<\/p>\n<p><strong>QUEM \u00c9 DAVI ALCOLUMBRE<\/strong>\n<\/p>\n<p>Davi Alcolumbre nasceu em 19 de junho de 1977, em Macap\u00e1, capital do Amap\u00e1. Foi comerciante antes de se tornar pol\u00edtico. Ingressou na vida p\u00fablica em 2011. Aos 21 anos, tornou-se o vereador mais jovem do Amap\u00e1.\n<\/p>\n<p>Come\u00e7ou no PDT, onde permaneceu de 1999 at\u00e9 2006. Migrou para o DEM. Depois da fus\u00e3o da sigla com o PSL (Partido Social Liberal) em 2022, passou a integrar o Uni\u00e3o Brasil. Foi deputado federal por 3 mandatos \u2013eleito em 2003, se reelegeu em 2007 e 2011.\n<\/p>\n<p>Na C\u00e2mara, foi vice-l\u00edder do Governo de Michel Temer (MDB) em 2017 e liderou a bancada do Amap\u00e1 por 3 vezes. Presidiu as comiss\u00f5es de Desenvolvimento Regional e Turismo (2015-2016) e de Meio Ambiente (2017-2018) da Casa Baixa.\n<\/p>\n<p>Elegeu-se senador em 2015 e presidiu a Casa Alta de 2019 a 2021. Reelegeu-se senador em 2022. \u00c9 casado com Liana Andrade e pai de 2 filhos, Davi e Matheus.\n<\/p>\n<p>Fonte: Poder360              <\/p>\n<\/div>\n<p><br \/>\n<br \/><a href=\"https:\/\/diariodobrasilnoticias.com.br\/noticia\/lider-do-governo-no-congresso-randolfe-rodrigues-pt-beija-a-mao-de-alcolumbre-durante-sessao-de-eleicao-679e493786f58\">Source link <\/a><\/p>","protected":false},"excerpt":{"rendered":"<p>O l\u00edder do Governo no Congresso, Randolfe Rodrigues (PT-AP), beijou a m\u00e3o de Davi Alcolumbre (Uni\u00e3o Brasil-AP) durante a sess\u00e3o para eleger o presidente do Senado. O gesto \u00e9 simb\u00f3lico,&hellip;<\/p>","protected":false},"author":1,"featured_media":98224,"comment_status":"closed","ping_status":"open","sticky":false,"template":"","format":"standard","meta":{"content-type":"","footnotes":""},"categories":[16],"tags":[123,2448,5313,1267],"class_list":["post-98223","post","type-post","status-publish","format-standard","has-post-thumbnail","hentry","category-noticias","tag-brasil","tag-diario","tag-noticia","tag-noticias"],"_links":{"self":[{"href":"https:\/\/tvbrazilusa.com\/pt\/wp-json\/wp\/v2\/posts\/98223","targetHints":{"allow":["GET"]}}],"collection":[{"href":"https:\/\/tvbrazilusa.com\/pt\/wp-json\/wp\/v2\/posts"}],"about":[{"href":"https:\/\/tvbrazilusa.com\/pt\/wp-json\/wp\/v2\/types\/post"}],"author":[{"embeddable":true,"href":"https:\/\/tvbrazilusa.com\/pt\/wp-json\/wp\/v2\/users\/1"}],"replies":[{"embeddable":true,"href":"https:\/\/tvbrazilusa.com\/pt\/wp-json\/wp\/v2\/comments?post=98223"}],"version-history":[{"count":1,"href":"https:\/\/tvbrazilusa.com\/pt\/wp-json\/wp\/v2\/posts\/98223\/revisions"}],"predecessor-version":[{"id":98225,"href":"https:\/\/tvbrazilusa.com\/pt\/wp-json\/wp\/v2\/posts\/98223\/revisions\/98225"}],"wp:featuredmedia":[{"embeddable":true,"href":"https:\/\/tvbrazilusa.com\/pt\/wp-json\/wp\/v2\/media\/98224"}],"wp:attachment":[{"href":"https:\/\/tvbrazilusa.com\/pt\/wp-json\/wp\/v2\/media?parent=98223"}],"wp:term":[{"taxonomy":"category","embeddable":true,"href":"https:\/\/tvbrazilusa.com\/pt\/wp-json\/wp\/v2\/categories?post=98223"},{"taxonomy":"post_tag","embeddable":true,"href":"https:\/\/tvbrazilusa.com\/pt\/wp-json\/wp\/v2\/tags?post=98223"}],"curies":[{"name":"wp","href":"https:\/\/api.w.org\/{rel}","templated":true}]}}