{"id":98633,"date":"2025-02-03T03:47:29","date_gmt":"2025-02-03T03:47:29","guid":{"rendered":"https:\/\/tvbrazilusa.com\/2025\/02\/03\/vitimas-de-kleen-energy-plant-explosion-homenageado-na-cerimonia-de-middletown\/"},"modified":"2025-02-03T03:58:51","modified_gmt":"2025-02-03T03:58:51","slug":"vitimas-de-kleen-energy-plant-explosion-homenageado-na-cerimonia-de-middletown","status":"publish","type":"post","link":"https:\/\/tvbrazilusa.com\/pt\/2025\/02\/03\/vitimas-de-kleen-energy-plant-explosion-homenageado-na-cerimonia-de-middletown\/","title":{"rendered":"V\u00edtimas de Kleen Energy Plant Explosion homenageado na cerim\u00f4nia de Middletown"},"content":{"rendered":"<script async src=\"https:\/\/pagead2.googlesyndication.com\/pagead\/js\/adsbygoogle.js?client=ca-pub-8864793242727901\"\r\n     crossorigin=\"anonymous\"><\/script>\n<p>MIDDLETOWN, Connecticut (WTNH) &#8211; Faz 15 anos desde que a explos\u00e3o da planta de energia de Kleen levou a vida de seis pessoas e feriu dezenas de outras pessoas. Domingo, uma cerim\u00f4nia anual de lembran\u00e7a trouxe as pessoas de volta \u00e0 f\u00e1brica em Middletown para homenagear os trabalhadores e chamar a aten\u00e7\u00e3o para a seguran\u00e7a no local de trabalho. <\/p>\n<p>As notas de uma m\u00fasica solene iniciaram o servi\u00e7o memorial dos seis trabalhadores da planta de energia de Kleen que foram mortos h\u00e1 15 anos. <\/p>\n<p>&#8220;N\u00f3s os honramos e lembramos deles, mantemos o legado deles vivos, porque poderia ter sido qualquer um de n\u00f3s naquele dia&#8221;, disse Paul Venti, ex -trabalhador da f\u00e1brica e organizador do evento.<\/p>\n<div class=\"nlp-ignore-block article-content rich-text\">\n<aside class=\"promo-link\">\n\t<a href=\"https:\/\/www.wtnh.com\/news\/connecticut\/new-haven\/guilford-family-whose-son-died-in-accidental-shooting-holds-annual-blood-drive\/?ipid=promo-link-block1\" class=\"promo-link__link\"><\/p>\n<p>\t\tFam\u00edlia Guilford, cujo filho morreu em tiro acidental com uma unidade de sangue anual\t<\/a><br \/>\n<\/aside>\n<\/div>\n<p>A explos\u00e3o aconteceu na manh\u00e3 de 7 de fevereiro de 2010. Os trabalhadores estavam limpando detritos dos canos de g\u00e1s natural da f\u00e1brica de sistemas de energia Kleen quando o g\u00e1s acendeu. <\/p>\n<p>Todos os anos, os membros da fam\u00edlia dos trabalhadores s\u00e3o acompanhados por membros do sindicato e autoridades estaduais e locais do memorial fora da f\u00e1brica. L\u00e1 voc\u00ea pode ver uma placa que lista os nomes dos seis trabalhadores: entre eles, Ray Dobratz, pai do \u00e2ncora esportivo Erik Dobratz. <\/p>\n<p>&#8220;Ray Dobratz era um bom amigo meu&#8221;, disse Mike Nahornick, um ex -funcion\u00e1rio da f\u00e1brica. &#8220;Esses caras &#8230; voc\u00ea sabe que voc\u00ea vem trabalhar e acha que vai voltar para casa naquele dia. Naquele dia, muitos caras n\u00e3o.&#8221;<\/p>\n<p>A explos\u00e3o foi t\u00e3o intensa que foi sentida em casas a quil\u00f4metros de dist\u00e2ncia. Mais tarde, uma investiga\u00e7\u00e3o encontrou in\u00fameras viola\u00e7\u00f5es de seguran\u00e7a. <\/p>\n<p>Os l\u00edderes do sindicato dizem que este dia \u00e9 um lembrete de que a seguran\u00e7a no local de trabalho deve ser uma prioridade em todos os setores.  <\/p>\n<div class=\"nlp-ignore-block article-content rich-text\">\n<aside class=\"promo-link\">\n\t<a href=\"https:\/\/www.wtnh.com\/news\/connecticut\/hartford\/berlin-pays-tribute-to-a-fallen-youth-with-a-kids-karnival\/?ipid=promo-link-block2\" class=\"promo-link__link\"><\/p>\n<p>\t\tBerlim presta homenagem a um jovem ca\u00eddo com um Karnival Kids\t<\/a><br \/>\n<\/aside>\n<\/div>\n<p>O presidente da Connecticut AFL-CIO, Ed Hawthorne, disse ao News 8: \u201cDe Kleen Energy ao Ambiance a Sandy Hook ao acidente de avi\u00e3o e colis\u00e3o de helic\u00f3ptero em DC, somos constantemente lembrados da necessidade de seguran\u00e7a no trabalho&#8221;. <\/p>\n<p>Hawthorne continuou: &#8220;Uma das melhores maneiras de honrar a vida delas \u00e9 nos recomendar a lutar por seguran\u00e7a no local de trabalho todos os dias&#8221;.<\/p>\n<p><br \/>\n<br \/><a href=\"https:\/\/www.wtnh.com\/news\/connecticut\/middlesex\/victims-of-kleen-energy-plant-explosion-honored-in-middletown-ceremony\/\">Source link <\/a><\/p>","protected":false},"excerpt":{"rendered":"<p>MIDDLETOWN, Connecticut (WTNH) &#8211; Faz 15 anos desde que a explos\u00e3o da planta de energia de Kleen levou a vida de seis pessoas e feriu dezenas de outras pessoas. Domingo,&hellip;<\/p>","protected":false},"author":1,"featured_media":98634,"comment_status":"closed","ping_status":"open","sticky":false,"template":"","format":"standard","meta":{"content-type":"","footnotes":""},"categories":[1],"tags":[],"class_list":["post-98633","post","type-post","status-publish","format-standard","has-post-thumbnail","hentry","category-uncategorized"],"_links":{"self":[{"href":"https:\/\/tvbrazilusa.com\/pt\/wp-json\/wp\/v2\/posts\/98633","targetHints":{"allow":["GET"]}}],"collection":[{"href":"https:\/\/tvbrazilusa.com\/pt\/wp-json\/wp\/v2\/posts"}],"about":[{"href":"https:\/\/tvbrazilusa.com\/pt\/wp-json\/wp\/v2\/types\/post"}],"author":[{"embeddable":true,"href":"https:\/\/tvbrazilusa.com\/pt\/wp-json\/wp\/v2\/users\/1"}],"replies":[{"embeddable":true,"href":"https:\/\/tvbrazilusa.com\/pt\/wp-json\/wp\/v2\/comments?post=98633"}],"version-history":[{"count":1,"href":"https:\/\/tvbrazilusa.com\/pt\/wp-json\/wp\/v2\/posts\/98633\/revisions"}],"predecessor-version":[{"id":98635,"href":"https:\/\/tvbrazilusa.com\/pt\/wp-json\/wp\/v2\/posts\/98633\/revisions\/98635"}],"wp:featuredmedia":[{"embeddable":true,"href":"https:\/\/tvbrazilusa.com\/pt\/wp-json\/wp\/v2\/media\/98634"}],"wp:attachment":[{"href":"https:\/\/tvbrazilusa.com\/pt\/wp-json\/wp\/v2\/media?parent=98633"}],"wp:term":[{"taxonomy":"category","embeddable":true,"href":"https:\/\/tvbrazilusa.com\/pt\/wp-json\/wp\/v2\/categories?post=98633"},{"taxonomy":"post_tag","embeddable":true,"href":"https:\/\/tvbrazilusa.com\/pt\/wp-json\/wp\/v2\/tags?post=98633"}],"curies":[{"name":"wp","href":"https:\/\/api.w.org\/{rel}","templated":true}]}}