{"id":98677,"date":"2025-02-03T10:19:29","date_gmt":"2025-02-03T10:19:29","guid":{"rendered":"https:\/\/tvbrazilusa.com\/2025\/02\/03\/camara-torrou-milhoes-durante-o-recesso-saiba-quanto\/"},"modified":"2025-02-03T10:19:30","modified_gmt":"2025-02-03T10:19:30","slug":"camara-torrou-milhoes-durante-o-recesso-saiba-quanto","status":"publish","type":"post","link":"https:\/\/tvbrazilusa.com\/pt\/2025\/02\/03\/camara-torrou-milhoes-durante-o-recesso-saiba-quanto\/","title":{"rendered":"C\u00e2mara torrou milh\u00f5es durante o recesso; SAIBA QUANTO"},"content":{"rendered":"<p> <script async src=\"https:\/\/pagead2.googlesyndication.com\/pagead\/js\/adsbygoogle.js?client=ca-pub-8864793242727901\"\r\n     crossorigin=\"anonymous\"><\/script><br \/>\n<\/p>\n<div id=\"taboola-read-more\" style=\"display:block; width:100%\">\n<p>Sem que os deputados precisassem bater um prego no sab\u00e3o em janeiro, a C\u00e2mara seguiu firme com a gastan\u00e7a, tudo bancado por n\u00f3s, pagadores de impostos. S\u00f3 em janeiro, m\u00eas de recesso, a Casa gastou quase meio bilh\u00e3o de reais, R$466,28 milh\u00f5es, para \u201cfuncionar\u201d. Cerca de 6,42% do or\u00e7amento para 2025. Deste bolo, R$287,6 mil foram gastos com \u201caux\u00edlio-moradia\u201d para suas excel\u00eancias em f\u00e9rias. Exatos R$4,1 milh\u00f5es foram gastos para ressarcir \u201cdespesas\u201d variadas dos deputados.\n<\/p>\n<p>Miss\u00e3o f\u00e9rias<\/p>\n<p>Dois deputados se mandaram em \u201cviagens em miss\u00e3o oficial\u201d. Foram dois belos destinos: Espanha e Ar\u00e1bia Saudita. O pre\u00e7o, R$32,3 mil.\n<\/p>\n<p>Do bom e do melhor\n<\/p>\n<p>Entre os dias14 e 16, Danilo Forte (Uni\u00e3o-CE) foi a um evento em Riade. Vermelho (PL-PR) passou seis dias em uma feira de turismo em Madri.\n<\/p>\n<p>Mordomia garantida\n<\/p>\n<p>A maior parte do gasto \u00e9 com sal\u00e1rios. Mas h\u00e1 muitas mordomias, como os R$1,8 milh\u00e3o em seguran\u00e7a privada para os parlamentares.\n<\/p>\n<p>Ano novo, casa nova\n<\/p>\n<p>Reformas e mimos, como troca de arm\u00e1rios dos bel\u00edssimos im\u00f3veis funcionais, tamb\u00e9m entraram na fatura de janeiro: mais de R$1,3 milh\u00e3o.\n<\/p>\n<p>Di\u00e1rio do Poder              <\/p>\n<\/div>\n<p><br \/>\n<br \/><a href=\"https:\/\/diariodobrasilnoticias.com.br\/noticia\/camara-torrou-milhoes-durante-o-recesso-saiba-quanto-67a096f12bf94\">Source link <\/a><\/p>","protected":false},"excerpt":{"rendered":"<p>Sem que os deputados precisassem bater um prego no sab\u00e3o em janeiro, a C\u00e2mara seguiu firme com a gastan\u00e7a, tudo bancado por n\u00f3s, pagadores de impostos. S\u00f3 em janeiro, m\u00eas&hellip;<\/p>","protected":false},"author":1,"featured_media":98678,"comment_status":"closed","ping_status":"open","sticky":false,"template":"","format":"standard","meta":{"content-type":"","footnotes":""},"categories":[16],"tags":[123,2448,5313,1267],"class_list":["post-98677","post","type-post","status-publish","format-standard","has-post-thumbnail","hentry","category-noticias","tag-brasil","tag-diario","tag-noticia","tag-noticias"],"_links":{"self":[{"href":"https:\/\/tvbrazilusa.com\/pt\/wp-json\/wp\/v2\/posts\/98677","targetHints":{"allow":["GET"]}}],"collection":[{"href":"https:\/\/tvbrazilusa.com\/pt\/wp-json\/wp\/v2\/posts"}],"about":[{"href":"https:\/\/tvbrazilusa.com\/pt\/wp-json\/wp\/v2\/types\/post"}],"author":[{"embeddable":true,"href":"https:\/\/tvbrazilusa.com\/pt\/wp-json\/wp\/v2\/users\/1"}],"replies":[{"embeddable":true,"href":"https:\/\/tvbrazilusa.com\/pt\/wp-json\/wp\/v2\/comments?post=98677"}],"version-history":[{"count":1,"href":"https:\/\/tvbrazilusa.com\/pt\/wp-json\/wp\/v2\/posts\/98677\/revisions"}],"predecessor-version":[{"id":98679,"href":"https:\/\/tvbrazilusa.com\/pt\/wp-json\/wp\/v2\/posts\/98677\/revisions\/98679"}],"wp:featuredmedia":[{"embeddable":true,"href":"https:\/\/tvbrazilusa.com\/pt\/wp-json\/wp\/v2\/media\/98678"}],"wp:attachment":[{"href":"https:\/\/tvbrazilusa.com\/pt\/wp-json\/wp\/v2\/media?parent=98677"}],"wp:term":[{"taxonomy":"category","embeddable":true,"href":"https:\/\/tvbrazilusa.com\/pt\/wp-json\/wp\/v2\/categories?post=98677"},{"taxonomy":"post_tag","embeddable":true,"href":"https:\/\/tvbrazilusa.com\/pt\/wp-json\/wp\/v2\/tags?post=98677"}],"curies":[{"name":"wp","href":"https:\/\/api.w.org\/{rel}","templated":true}]}}