{"id":98686,"date":"2025-02-03T10:56:42","date_gmt":"2025-02-03T10:56:42","guid":{"rendered":"https:\/\/tvbrazilusa.com\/2025\/02\/03\/lula-nao-via-sua-rejeicao-ser-maior-que-apoio-desde-o-mensalao\/"},"modified":"2025-02-03T10:56:44","modified_gmt":"2025-02-03T10:56:44","slug":"lula-nao-via-sua-rejeicao-ser-maior-que-apoio-desde-o-mensalao","status":"publish","type":"post","link":"https:\/\/tvbrazilusa.com\/pt\/2025\/02\/03\/lula-nao-via-sua-rejeicao-ser-maior-que-apoio-desde-o-mensalao\/","title":{"rendered":"Lula n\u00e3o via sua rejei\u00e7\u00e3o ser maior que apoio desde o Mensal\u00e3o"},"content":{"rendered":"<p> <script async src=\"https:\/\/pagead2.googlesyndication.com\/pagead\/js\/adsbygoogle.js?client=ca-pub-8864793242727901\"\r\n     crossorigin=\"anonymous\"><\/script><br \/>\n<\/p>\n<div>\n<p>Dados hist\u00f3ricos das pesquisas opini\u00e3o ajudam a dimensionar o atual desafio da gest\u00e3o do presidente Luiz In\u00e1cio Lula da Silva (PT) quando o assunto \u00e9 popularidade. Se considerados os dois mandatos anteriores, com base em levantamentos feitos na \u00e9poca pelo Ibope, e a avalia\u00e7\u00e3o sobre o atual medida pela Genial\/Quaest, o petista n\u00e3o via a desaprova\u00e7\u00e3o superar numericamente o apoio \u00e0 sua gest\u00e3o desde dezembro de 2005, quando ainda enfrentava os efeitos do esc\u00e2ndalo do Mensal\u00e3o.\n<\/p>\n<\/div>\n<div>\n<div class=\"mc-column content-text active-extra-styles\">\n<p class=\"content-text__container\">O pontap\u00e9 inicial do Mensal\u00e3o ocorreu em junho daquele ano, com a den\u00fancia do deputado Roberto Jefferson (PTB) sobre o esquema, mas o caso cresceu ao longo dos meses. O \u00e1pice do reflexo do epis\u00f3dio na avalia\u00e7\u00e3o do governo se deu em dezembro, com 42% dos entrevistados pelo Ibope dizendo que aprovavam o Planalto, 20 pontos a menos do que em novembro do ano anterior. No mesmo dezembro de 2005, 52% desaprovavam o trabalho de Lula.<\/p>\n<\/div>\n<div class=\"mc-column content-text active-extra-styles\">\n<p class=\"content-text__container\">\u2014 Isso nos conta que, se olhar para o passado, Lula j\u00e1 mostrou capacidade de recupera\u00e7\u00e3o. \u00c9 algo assegurado? N\u00e3o. O problema que Lula tinha em 2005 era o Mensal\u00e3o, que era enorme, mas ele teve a favor uma bonan\u00e7a na economia \u2014 diz o cientista pol\u00edtico e soci\u00f3logo Antonio Lavareda, presidente de honra da Associa\u00e7\u00e3o Brasileira de Pesquisadores Eleitorais (Abrapel). \u2014 Agora os problemas dele surgem associados \u00e0 economia. N\u00e3o existe o Mensal\u00e3o ou a Lava-Jato, mas \u00e9 um problema ligado a uma vari\u00e1vel estrutural, que \u00e9 a economia.\n<\/p>\n<\/div>\n<div class=\"mc-column content-text active-extra-styles\">\n<p class=\"content-text__container\">A retomada de Lula p\u00f3s-Mensal\u00e3o foi expressiva. A partir do in\u00edcio de 2006, ano em que se reelegeria, o presidente reconquistou a avalia\u00e7\u00e3o positiva at\u00e9 alcan\u00e7ar o maior patamar da hist\u00f3ria nos meses finais do segundo mandato, em 2010, quando a aprova\u00e7\u00e3o ao seu governo passou de 80%.\n<\/p>\n<\/div>\n<div class=\"mc-column content-text active-extra-styles\">\n<p class=\"content-text__container\">\u2014 Ele tamb\u00e9m n\u00e3o conta hoje com a flexibilidade do eleitorado, que naquela \u00e9poca tinha mais plasticidade de opini\u00f5es. Hoje em dia as bolhas s\u00e3o mais enrijecidas \u2014 avalia Lavareda. \u2014 Mas, quando vemos a varia\u00e7\u00e3o de uma pesquisa para outra da Quaest, o que teve de mais negativo foi o caso do Pix. Como \u00e9 uma coisa mais conjuntural, isso abre espa\u00e7o para ele se recuperar, por ter sido uma causa bem espec\u00edfica.\n<\/p>\n<\/div>\n<div class=\"mc-column content-text active-extra-styles\">\n<p class=\"content-text__container\">Na semana passada, a pesquisa Genial\/Quaest mostrou um placar de 49% a 47% para os que reprovam a gest\u00e3o. Os dois grupos ficaram empatados no limite da margem de erro, de um ponto percentual, mas houve redu\u00e7\u00e3o da percep\u00e7\u00e3o positiva na compara\u00e7\u00e3o com a pesquisa anterior.\n<\/p>\n<\/div>\n<div class=\"mc-column content-text active-extra-styles\">\n<p class=\"content-text__container\">Apesar dos n\u00fameros em queda, Lula ainda conta com mais gente a favor do governo do que o percentual de brasileiros aptos a votar que o escolheram em 2022. Isso \u00e9 constatado quando se analisam n\u00e3o os votos v\u00e1lidos, e sim quanto do total do eleitorado apertou o 13 nas urnas: 38,6%, quase dez pontos a menos do que os 47% que dizem aprovar a gest\u00e3o.\n<\/p>\n<\/div>\n<div class=\"mc-column content-text active-extra-styles\">\n<p class=\"content-text__container\">Na coletiva de imprensa que promoveu na semana passada no Planalto, Lula abordou o recado das pesquisas. Ao relatar conversas que tinha com o ex-ministro Paulo Pimenta, que saiu da Secom para dar lugar ao publicit\u00e1rio Sid\u00f4nio Palmeira, assumiu que o governo ainda n\u00e3o entregou \u00e0 popula\u00e7\u00e3o as promessas de campanha, o que mexe com o humor da opini\u00e3o p\u00fablica.\n<\/p>\n<\/div>\n<div class=\"mc-column content-text active-extra-styles\">\n<p class=\"content-text__container\">\u2014 No primeiro ano de governo,o povo tem muita expectativa. No segundo ano, o povo come\u00e7a a saber se as expectativas est\u00e3o sendo cumpridas. Eu dizia para o Pimenta: n\u00e3o se preocupe com pesquisa, porque o povo tem raz\u00e3o. A gente n\u00e3o est\u00e1 entregando aquilo que a gente prometeu. Ent\u00e3o como \u00e9 que o povo vai falar bem do governo? \u2014 questionou o presidente.\n<\/p>\n<\/div>\n<div class=\"mc-column content-text active-extra-styles\">\n<p class=\"content-text__container\">Lula, no entanto, afirmou que \u201cainda \u00e9 muito cedo\u201d para projetar a elei\u00e7\u00e3o de 2026 e cravar se o governo \u00e9 bom ou ruim.\n<\/p>\n<\/div>\n<div class=\"mc-column content-text active-extra-styles\">\n<p class=\"content-text__container\">\u2014 Tenho consci\u00eancia do que estamos fazendo. Muita consci\u00eancia. Cada coisa que eu falar, n\u00f3s vamos entregar \u2014 assegurou.\n<\/p>\n<\/div>\n<div class=\"mc-column content-text active-extra-styles\">\n<p class=\"content-text__container\">Neste mandato, a s\u00e9rie hist\u00f3rica da Quaest tem como melhor momento para Lula o m\u00eas de agosto de 2023, quando registrou 60% de aprova\u00e7\u00e3o, ante 35% de reprova\u00e7\u00e3o. Em todas as 11 pesquisas anteriores \u00e0 divulgada na semana passada, o presidente manteve mais de 50% de aprova\u00e7\u00e3o.\n<\/p>\n<\/div>\n<div class=\"mc-column content-text active-extra-styles\">\n<p class=\"content-text__container\">Al\u00e9m da crise do Pix, que colocou o governo nas cordas, outro dado que preocupa o Planalto \u00e9 a infla\u00e7\u00e3o dos alimentos. Para 83% dos entrevistados, o pre\u00e7o da comida piorou de dezembro para janeiro. O poder de compra \u00e9 considerado uma vari\u00e1vel decisiva na hora do voto.\n<\/p>\n<\/div>\n<div>\n<div class=\"mc-column content-text active-extra-styles\">\n<p class=\"content-text__container\">\u2014 N\u00e3o tem sentido fazer um sacrif\u00edcio enorme para fazer pol\u00edticas p\u00fablicas, para o dinheiro chegar na conta, e depois esse dinheiro ser comido pela infla\u00e7\u00e3o \u2014 reconheceu Lula \u00e0 imprensa.\n<\/p>\n<p>O Globo\n<\/p>\n<\/div>\n<\/div>\n<\/div>\n<p><br \/>\n<br \/><a href=\"https:\/\/diariodobrasilnoticias.com.br\/noticia\/lula-nao-via-sua-rejeicao-ser-maior-que-apoio-desde-o-mensalao-67a096a4aca49\">Source link <\/a><\/p>","protected":false},"excerpt":{"rendered":"<p>Dados hist\u00f3ricos das pesquisas opini\u00e3o ajudam a dimensionar o atual desafio da gest\u00e3o do presidente Luiz In\u00e1cio Lula da Silva (PT) quando o assunto \u00e9 popularidade. Se considerados os dois&hellip;<\/p>","protected":false},"author":1,"featured_media":98687,"comment_status":"closed","ping_status":"open","sticky":false,"template":"","format":"standard","meta":{"content-type":"","footnotes":""},"categories":[16],"tags":[123,2448,5313,1267],"class_list":["post-98686","post","type-post","status-publish","format-standard","has-post-thumbnail","hentry","category-noticias","tag-brasil","tag-diario","tag-noticia","tag-noticias"],"_links":{"self":[{"href":"https:\/\/tvbrazilusa.com\/pt\/wp-json\/wp\/v2\/posts\/98686","targetHints":{"allow":["GET"]}}],"collection":[{"href":"https:\/\/tvbrazilusa.com\/pt\/wp-json\/wp\/v2\/posts"}],"about":[{"href":"https:\/\/tvbrazilusa.com\/pt\/wp-json\/wp\/v2\/types\/post"}],"author":[{"embeddable":true,"href":"https:\/\/tvbrazilusa.com\/pt\/wp-json\/wp\/v2\/users\/1"}],"replies":[{"embeddable":true,"href":"https:\/\/tvbrazilusa.com\/pt\/wp-json\/wp\/v2\/comments?post=98686"}],"version-history":[{"count":1,"href":"https:\/\/tvbrazilusa.com\/pt\/wp-json\/wp\/v2\/posts\/98686\/revisions"}],"predecessor-version":[{"id":98688,"href":"https:\/\/tvbrazilusa.com\/pt\/wp-json\/wp\/v2\/posts\/98686\/revisions\/98688"}],"wp:featuredmedia":[{"embeddable":true,"href":"https:\/\/tvbrazilusa.com\/pt\/wp-json\/wp\/v2\/media\/98687"}],"wp:attachment":[{"href":"https:\/\/tvbrazilusa.com\/pt\/wp-json\/wp\/v2\/media?parent=98686"}],"wp:term":[{"taxonomy":"category","embeddable":true,"href":"https:\/\/tvbrazilusa.com\/pt\/wp-json\/wp\/v2\/categories?post=98686"},{"taxonomy":"post_tag","embeddable":true,"href":"https:\/\/tvbrazilusa.com\/pt\/wp-json\/wp\/v2\/tags?post=98686"}],"curies":[{"name":"wp","href":"https:\/\/api.w.org\/{rel}","templated":true}]}}