{"id":98698,"date":"2025-02-03T11:38:51","date_gmt":"2025-02-03T11:38:51","guid":{"rendered":"https:\/\/tvbrazilusa.com\/2025\/02\/03\/embarcacao-naufraga-com-condutor-e-18-passageiros-a-bordo-veja-video\/"},"modified":"2025-02-03T11:38:52","modified_gmt":"2025-02-03T11:38:52","slug":"embarcacao-naufraga-com-condutor-e-18-passageiros-a-bordo-veja-video","status":"publish","type":"post","link":"https:\/\/tvbrazilusa.com\/pt\/2025\/02\/03\/embarcacao-naufraga-com-condutor-e-18-passageiros-a-bordo-veja-video\/","title":{"rendered":"Embarca\u00e7\u00e3o naufraga com condutor e 18 passageiros a bordo; VEJA V\u00cdDEO"},"content":{"rendered":"<p> <script async src=\"https:\/\/pagead2.googlesyndication.com\/pagead\/js\/adsbygoogle.js?client=ca-pub-8864793242727901\"\r\n     crossorigin=\"anonymous\"><\/script><br \/>\n<\/p>\n<div id=\"taboola-read-more\" style=\"display:block; width:100%\">\n<p>Uma embarca\u00e7\u00e3o naufragou com o condutor e 18 passageiros a bordo em Arma\u00e7\u00e3o dos B\u00fazios, na Regi\u00e3o dos Lagos do Rio, mas todos foram resgatados com vida por outras embarca\u00e7\u00f5es. Um v\u00eddeo mostra os passageiros na \u00e1gua esperando por socorro. Depois, em outro v\u00eddeo, todos j\u00e1 est\u00e3o a salvo. Fotos com pedido de ajuda tamb\u00e9m foram postadas nas redes sociais.\n<\/p>\n<p>O caso ocorreu pr\u00f3ximo \u00e0 Praia da Rasa. De acordo com a Marinha do Brasil, assim que a Delegacia da Capitania dos Portos em Cabo Frio (DelCFrio) tomou conhecimento do caso, na tarde de s\u00e1bado (1\u00ba), enviou uma equipe de Inspe\u00e7\u00e3o Naval ao local para prestar apoio e apurar as informa\u00e7\u00f5es.<\/p>\n<p>Ao chegar no ponto do naufr\u00e1gio, constatou que o resgate j\u00e1 havia ocorrido e que todos estavam sem ferimentos. Apenas uma idosa de 67 anos foi encaminhada ao Hospital Municipal Rodolpho Perisse pelo Corpo de Bombeiros.\n<\/p>\n<p>&#8220;A DelCFrio destaca que a embarca\u00e7\u00e3o estava com a documenta\u00e7\u00e3o em dia, o condutor era habilitado e n\u00e3o houve registro de polui\u00e7\u00e3o h\u00eddrica. Ainda assim, um Inqu\u00e9rito Administrativo sobre Acidentes e Fatos da Navega\u00e7\u00e3o ser\u00e1 instaurado para apurar causas, circunst\u00e2ncias e poss\u00edveis responsabilidades&#8221;, disse o \u00f3rg\u00e3o.\n<\/p>\n<p>Veja imagens:<\/p>\n<article id=\"artigo-texto\" class=\"blog-article\">\n<div id=\"artigo-texto-content\">\n<p>Com informa\u00e7\u00f5es de g1 RN\n<\/p>\n<\/div>\n<\/article>\n<p>\u00a0<\/p>\n<section id=\"whats-banner2\"\/>              <\/div>\n<p><br \/>\n<br \/><a href=\"https:\/\/diariodobrasilnoticias.com.br\/noticia\/embarcacao-naufraga-com-condutor-e-18-passageiros-a-bordo-veja-video-67a0a9531f4d6\">Source link <\/a><\/p>","protected":false},"excerpt":{"rendered":"<p>Uma embarca\u00e7\u00e3o naufragou com o condutor e 18 passageiros a bordo em Arma\u00e7\u00e3o dos B\u00fazios, na Regi\u00e3o dos Lagos do Rio, mas todos foram resgatados com vida por outras embarca\u00e7\u00f5es.&hellip;<\/p>","protected":false},"author":1,"featured_media":98699,"comment_status":"closed","ping_status":"open","sticky":false,"template":"","format":"standard","meta":{"content-type":"","footnotes":""},"categories":[16],"tags":[123,2448,5313,1267],"class_list":["post-98698","post","type-post","status-publish","format-standard","has-post-thumbnail","hentry","category-noticias","tag-brasil","tag-diario","tag-noticia","tag-noticias"],"_links":{"self":[{"href":"https:\/\/tvbrazilusa.com\/pt\/wp-json\/wp\/v2\/posts\/98698","targetHints":{"allow":["GET"]}}],"collection":[{"href":"https:\/\/tvbrazilusa.com\/pt\/wp-json\/wp\/v2\/posts"}],"about":[{"href":"https:\/\/tvbrazilusa.com\/pt\/wp-json\/wp\/v2\/types\/post"}],"author":[{"embeddable":true,"href":"https:\/\/tvbrazilusa.com\/pt\/wp-json\/wp\/v2\/users\/1"}],"replies":[{"embeddable":true,"href":"https:\/\/tvbrazilusa.com\/pt\/wp-json\/wp\/v2\/comments?post=98698"}],"version-history":[{"count":1,"href":"https:\/\/tvbrazilusa.com\/pt\/wp-json\/wp\/v2\/posts\/98698\/revisions"}],"predecessor-version":[{"id":98700,"href":"https:\/\/tvbrazilusa.com\/pt\/wp-json\/wp\/v2\/posts\/98698\/revisions\/98700"}],"wp:featuredmedia":[{"embeddable":true,"href":"https:\/\/tvbrazilusa.com\/pt\/wp-json\/wp\/v2\/media\/98699"}],"wp:attachment":[{"href":"https:\/\/tvbrazilusa.com\/pt\/wp-json\/wp\/v2\/media?parent=98698"}],"wp:term":[{"taxonomy":"category","embeddable":true,"href":"https:\/\/tvbrazilusa.com\/pt\/wp-json\/wp\/v2\/categories?post=98698"},{"taxonomy":"post_tag","embeddable":true,"href":"https:\/\/tvbrazilusa.com\/pt\/wp-json\/wp\/v2\/tags?post=98698"}],"curies":[{"name":"wp","href":"https:\/\/api.w.org\/{rel}","templated":true}]}}