{"id":98710,"date":"2025-02-03T12:15:12","date_gmt":"2025-02-03T12:15:12","guid":{"rendered":"https:\/\/tvbrazilusa.com\/2025\/02\/03\/leitao-nasce-com-rosto-humano-nas-filipinas\/"},"modified":"2025-02-03T12:15:13","modified_gmt":"2025-02-03T12:15:13","slug":"leitao-nasce-com-rosto-humano-nas-filipinas","status":"publish","type":"post","link":"https:\/\/tvbrazilusa.com\/pt\/2025\/02\/03\/leitao-nasce-com-rosto-humano-nas-filipinas\/","title":{"rendered":"Leit\u00e3o nasce com &#8216;rosto humano&#8217; nas Filipinas"},"content":{"rendered":"<p> <script async src=\"https:\/\/pagead2.googlesyndication.com\/pagead\/js\/adsbygoogle.js?client=ca-pub-8864793242727901\"\r\n     crossorigin=\"anonymous\"><\/script><br \/>\n<\/p>\n<div id=\"taboola-read-more\" style=\"display:block; width:100%\">\n<p>Um leit\u00e3o com caracter\u00edsticas faciais humanas nasceu em uma propriedade rural nas Filipinas. O caso ocorreu neste m\u00eas, na regi\u00e3o de Tanjay, Prov\u00edncia de Negros Oriental.\n<\/p>\n<p>O agricultor Alfredo Cardinas Jr relatou ter ficado assustado ao ver o leit\u00e3o e ainda mais ao ouvir seu choro, que parecia ser de uma crian\u00e7a. O animal, contudo, viveu somente quatro horas depois do nascimento.<\/p>\n<p>Os outros leit\u00f5es da ninhada nasceram saud\u00e1veis, sem apresentar anomalias. Isso tornou o caso ainda mais intrigante.\n<\/p>\n<p>Especialistas explicam o caso que aconteceu nas Filipinas<br \/>A veterin\u00e1ria Christine Hope Dejadena explicou ao jornal brit\u00e2nico Daily Mirror que \u00e9 raro apenas um filhote ser afetado por um defeito cong\u00eanito t\u00e3o evidente.\n<\/p>\n<\/p>\n<p>\u00a0Foto: Reprodu\u00e7\u00e3o\/Facebook\n<\/p>\n<p>Ela afirmou que \u201ca porca n\u00e3o engravidaria de uma esp\u00e9cie diferente\u201d. Por esse motivo, a veterin\u00e1ria descartou a possibilidade de fecunda\u00e7\u00e3o por outra esp\u00e9cie.\n<\/p>\n<p>O caso do leit\u00e3o foi identificado como holoprosencefalia<br \/>O caso foi identificado como holoprosencefalia. Trata-se de defeito raro que impede a divis\u00e3o do c\u00e9rebro em dois lados.\n<\/p>\n<p>O veterin\u00e1rio Aris Miclat, por sua vez, mencionou que a exposi\u00e7\u00e3o exagerada a produtos qu\u00edmicos durante a gesta\u00e7\u00e3o poderia explicar a anormalidade.\n<\/p>\n<p>Ele enfatizou que a condi\u00e7\u00e3o \u00e9 uma malforma\u00e7\u00e3o cong\u00eanita. O profissional descartou a interfer\u00eancia humana na fecunda\u00e7\u00e3o.              <\/p>\n<\/div>\n<p><br \/>\n<br \/><a href=\"https:\/\/diariodobrasilnoticias.com.br\/noticia\/leitao-nasce-com-rosto-humano-nas-filipinas-67a0b1dfd7f09\">Source link <\/a><\/p>","protected":false},"excerpt":{"rendered":"<p>Um leit\u00e3o com caracter\u00edsticas faciais humanas nasceu em uma propriedade rural nas Filipinas. O caso ocorreu neste m\u00eas, na regi\u00e3o de Tanjay, Prov\u00edncia de Negros Oriental. O agricultor Alfredo Cardinas&hellip;<\/p>","protected":false},"author":1,"featured_media":98711,"comment_status":"closed","ping_status":"open","sticky":false,"template":"","format":"standard","meta":{"content-type":"","footnotes":""},"categories":[16],"tags":[123,2448,5313,1267],"class_list":["post-98710","post","type-post","status-publish","format-standard","has-post-thumbnail","hentry","category-noticias","tag-brasil","tag-diario","tag-noticia","tag-noticias"],"_links":{"self":[{"href":"https:\/\/tvbrazilusa.com\/pt\/wp-json\/wp\/v2\/posts\/98710","targetHints":{"allow":["GET"]}}],"collection":[{"href":"https:\/\/tvbrazilusa.com\/pt\/wp-json\/wp\/v2\/posts"}],"about":[{"href":"https:\/\/tvbrazilusa.com\/pt\/wp-json\/wp\/v2\/types\/post"}],"author":[{"embeddable":true,"href":"https:\/\/tvbrazilusa.com\/pt\/wp-json\/wp\/v2\/users\/1"}],"replies":[{"embeddable":true,"href":"https:\/\/tvbrazilusa.com\/pt\/wp-json\/wp\/v2\/comments?post=98710"}],"version-history":[{"count":1,"href":"https:\/\/tvbrazilusa.com\/pt\/wp-json\/wp\/v2\/posts\/98710\/revisions"}],"predecessor-version":[{"id":98712,"href":"https:\/\/tvbrazilusa.com\/pt\/wp-json\/wp\/v2\/posts\/98710\/revisions\/98712"}],"wp:featuredmedia":[{"embeddable":true,"href":"https:\/\/tvbrazilusa.com\/pt\/wp-json\/wp\/v2\/media\/98711"}],"wp:attachment":[{"href":"https:\/\/tvbrazilusa.com\/pt\/wp-json\/wp\/v2\/media?parent=98710"}],"wp:term":[{"taxonomy":"category","embeddable":true,"href":"https:\/\/tvbrazilusa.com\/pt\/wp-json\/wp\/v2\/categories?post=98710"},{"taxonomy":"post_tag","embeddable":true,"href":"https:\/\/tvbrazilusa.com\/pt\/wp-json\/wp\/v2\/tags?post=98710"}],"curies":[{"name":"wp","href":"https:\/\/api.w.org\/{rel}","templated":true}]}}