{"id":98716,"date":"2025-02-03T12:44:15","date_gmt":"2025-02-03T12:44:15","guid":{"rendered":"https:\/\/tvbrazilusa.com\/2025\/02\/03\/governo-lula-contratou-empresa-suspeita-por-r-321-milhoes-e-cgu-investiga-o-caso\/"},"modified":"2025-02-03T12:44:18","modified_gmt":"2025-02-03T12:44:18","slug":"governo-lula-contratou-empresa-suspeita-por-r-321-milhoes-e-cgu-investiga-o-caso","status":"publish","type":"post","link":"https:\/\/tvbrazilusa.com\/pt\/2025\/02\/03\/governo-lula-contratou-empresa-suspeita-por-r-321-milhoes-e-cgu-investiga-o-caso\/","title":{"rendered":"Governo Lula contratou empresa suspeita por R$ 321 milh\u00f5es, e CGU investiga o caso"},"content":{"rendered":"<p> <script async src=\"https:\/\/pagead2.googlesyndication.com\/pagead\/js\/adsbygoogle.js?client=ca-pub-8864793242727901\"\r\n     crossorigin=\"anonymous\"><\/script><br \/>\n<\/p>\n<div id=\"taboola-read-more\" style=\"display:block; width:100%\">\n<p>No governo Lula, o Minist\u00e9rio da Gest\u00e3o e da Inova\u00e7\u00e3o (MGI) est\u00e1 realizando a contrata\u00e7\u00e3o de uma empresa por R$ 321 milh\u00f5es. A firma pertence a um suposto laranja da periferia de Bras\u00edlia. A Controladoria-Geral da Uni\u00e3o (CGU) investiga o caso por suspeitas de uso de declara\u00e7\u00f5es falsas e fraude em licita\u00e7\u00f5es.\n<\/p>\n<p>A R7 Facilities venceu a licita\u00e7\u00e3o aberta pelo minist\u00e9rio, sob a gest\u00e3o de Esther Dweck. O contrato prev\u00ea o fornecimento de 1,2 mil funcion\u00e1rios terceirizados a 12 minist\u00e9rios durante tr\u00eas anos. Esse certame, um dos maiores do setor nos \u00faltimos anos, segue em fase de an\u00e1lise de recursos.<\/p>\n<p>O MGI declarou que a R7 n\u00e3o possui condena\u00e7\u00f5es que impe\u00e7am sua participa\u00e7\u00e3o na licita\u00e7\u00e3o. Informou que o processo atende a requisitos t\u00e9cnicos, operacionais e financeiros, e garante transpar\u00eancia e igualdade entre os concorrentes. A empresa nega envolvimento com laranjas e afirma possuir um hist\u00f3rico s\u00f3lido no mercado. Sustenta que presta servi\u00e7os de qualidade em contratos conquistados regularmente.\n<\/p>\n<p>O governo previa gastar at\u00e9 R$ 383,1 milh\u00f5es com os servi\u00e7os licitados. A R7 ofereceu o menor pre\u00e7o, R$ 321 milh\u00f5es, e superou outras 40 concorrentes. No dia 8 de janeiro, o minist\u00e9rio classificou a empresa como \u201caceita e habilitada\u201d.\n<\/p>\n<h2 class=\"wp-block-heading\">A CGU iniciou uma investiga\u00e7\u00e3o<\/h2>\n<p>Em mar\u00e7o de 2024, reportagens do jornal\u00a0<em>O Estado de S. Paulo<\/em>\u00a0abordaram a R7 e o grupo econ\u00f4mico ao qual pertence. A CGU iniciou uma investiga\u00e7\u00e3o preliminar. No dia 23 de janeiro, o ministro Vin\u00edcius Marques de Carvalho determinou a instaura\u00e7\u00e3o de um Processo Administrativo de Responsabiliza\u00e7\u00e3o (PAR). O objetivo \u00e9 apurar poss\u00edveis viola\u00e7\u00f5es \u00e0s leis anticorrup\u00e7\u00e3o e de licita\u00e7\u00f5es. O processo pode levar a uma multa de at\u00e9 20% do faturamento bruto de 2024 ou a restri\u00e7\u00f5es para contratar com a administra\u00e7\u00e3o p\u00fablica.\n<\/p>\n<p>\u201cAs suspeitas recaem sobre prov\u00e1vel utiliza\u00e7\u00e3o de declara\u00e7\u00f5es com conte\u00fado falso e poss\u00edvel combina\u00e7\u00e3o em certames licitat\u00f3rios, bem como poss\u00edvel utiliza\u00e7\u00e3o de interpostas pessoas no quadro societ\u00e1rio\u201d, afirmou a CGU.\n<\/p>\n<p>Quatro empresas recorreram contra a perman\u00eancia da R7 no certame. Alegam que a proposta da empresa se baseia em benef\u00edcios fiscais indevidos. O minist\u00e9rio ainda n\u00e3o analisou esses recursos.\n<\/p>\n<p>As investiga\u00e7\u00f5es revelam que a R7 pode estar registrada em nome de um laranja. Tamb\u00e9m sugerem que opera em conjunto com outras empresas para simular concorr\u00eancia e inflacionar balan\u00e7os financeiros. A firma prestou servi\u00e7os de manuten\u00e7\u00e3o no pres\u00eddio federal de\u00a0<strong><a href=\"https:\/\/revistaoeste.com\/tag\/mossoro\" target=\"_blank\" rel=\"noopener noreferrer\">Mossor\u00f3<\/a><\/strong>\u00a0(RN). De l\u00e1, dois detentos ligados ao Comando Vermelho fugiram em fevereiro de 2024. Diante disso, o Minist\u00e9rio da Justi\u00e7a solicitou que a Pol\u00edcia Federal e a Receita Federal investigassem a empresa.\n<\/p>\n<p>A R7 permanece registrada em nome de Gildenilson Braz Torres, t\u00e9cnico em contabilidade. Ele morava em uma casa simples na periferia do Distrito Federal. Durante a pandemia, recebeu aux\u00edlio emergencial e possu\u00eda apenas R$ 523,64 em suas contas. Essa informa\u00e7\u00e3o consta em uma a\u00e7\u00e3o de execu\u00e7\u00e3o fiscal de fevereiro de 2022. No N\u00facleo Bandeirante, mantinha um escrit\u00f3rio onde se apresentava como respons\u00e1vel pela empresa Mega Batatas. N\u00e3o havia nenhuma men\u00e7\u00e3o \u00e0 R7.\n<\/p>\n<h2 class=\"wp-block-heading\">A empresa j\u00e1 acumulou R$ 696,8 milh\u00f5es em contratos com o governo federal desde 2019<\/h2>\n<p>A R7 j\u00e1 acumulou R$ 696,8 milh\u00f5es em contratos com o governo federal desde 2019. A partir de 2023, expandiu significativamente sua atua\u00e7\u00e3o. A CGU tamb\u00e9m abriu um PAR contra outras duas empresas suspeitas de participa\u00e7\u00e3o em fraudes ao lado da R7.\n<\/p>\n<p>\u00a0<\/p>\n<p>As investiga\u00e7\u00f5es revelam que a empresa integra um grupo com pelo menos dez outras firmas registradas em nome de benefici\u00e1rios de programas sociais. Esses indiv\u00edduos desconhecem os neg\u00f3cios.\n<\/p>\n<p>O advogado da R7, Murilo Jacoby Fernandes, afirmou que a empresa vence licita\u00e7\u00f5es de maneira regular. Declarou desconhecer as acusa\u00e7\u00f5es da CGU e classificou as den\u00fancias como ataques de concorrentes e afirmou que todos os esclarecimentos j\u00e1 foram prestados. Sobre as suspeitas relacionadas a Gildenilson, reiterou a posi\u00e7\u00e3o da R7. Negou as acusa\u00e7\u00f5es e sustentou que cumpre todas as exig\u00eancias legais.\n<\/p>\n<p>O MGI informou que o preg\u00e3o segue em fase de an\u00e1lise de recursos administrativos. Explicou que a contrata\u00e7\u00e3o dos terceirizados ocorre de forma centralizada, mas atende diversos setores do Executivo federal.\n<\/p>\n<p>\u201cNo presente caso, foi realizada consulta ao Ceis e n\u00e3o foi identificada nenhuma condena\u00e7\u00e3o que inviabilize a participa\u00e7\u00e3o da empresa no certame\u201d, disse a pasta. \u201cEm rela\u00e7\u00e3o \u00e0 consulta \u00e0 Pol\u00edcia Federal, a legisla\u00e7\u00e3o que rege os procedimentos licitat\u00f3rios n\u00e3o estabelece essa exig\u00eancia como crit\u00e9rio legal de habilita\u00e7\u00e3o.\u201d\n<\/p>\n<p>Fonte: Revista Oeste<\/p>\n<\/p><\/div>\n<p><br \/>\n<br \/><a href=\"https:\/\/diariodobrasilnoticias.com.br\/noticia\/governo-lula-contratou-empresa-suspeita-por-r-321-milhoes-e-cgu-investiga-o-caso-67a0aae7e5f96\">Source link <\/a><\/p>","protected":false},"excerpt":{"rendered":"<p>No governo Lula, o Minist\u00e9rio da Gest\u00e3o e da Inova\u00e7\u00e3o (MGI) est\u00e1 realizando a contrata\u00e7\u00e3o de uma empresa por R$ 321 milh\u00f5es. A firma pertence a um suposto laranja da&hellip;<\/p>","protected":false},"author":1,"featured_media":98717,"comment_status":"closed","ping_status":"open","sticky":false,"template":"","format":"standard","meta":{"content-type":"","footnotes":""},"categories":[16],"tags":[123,2448,5313,1267],"class_list":["post-98716","post","type-post","status-publish","format-standard","has-post-thumbnail","hentry","category-noticias","tag-brasil","tag-diario","tag-noticia","tag-noticias"],"_links":{"self":[{"href":"https:\/\/tvbrazilusa.com\/pt\/wp-json\/wp\/v2\/posts\/98716","targetHints":{"allow":["GET"]}}],"collection":[{"href":"https:\/\/tvbrazilusa.com\/pt\/wp-json\/wp\/v2\/posts"}],"about":[{"href":"https:\/\/tvbrazilusa.com\/pt\/wp-json\/wp\/v2\/types\/post"}],"author":[{"embeddable":true,"href":"https:\/\/tvbrazilusa.com\/pt\/wp-json\/wp\/v2\/users\/1"}],"replies":[{"embeddable":true,"href":"https:\/\/tvbrazilusa.com\/pt\/wp-json\/wp\/v2\/comments?post=98716"}],"version-history":[{"count":1,"href":"https:\/\/tvbrazilusa.com\/pt\/wp-json\/wp\/v2\/posts\/98716\/revisions"}],"predecessor-version":[{"id":98718,"href":"https:\/\/tvbrazilusa.com\/pt\/wp-json\/wp\/v2\/posts\/98716\/revisions\/98718"}],"wp:featuredmedia":[{"embeddable":true,"href":"https:\/\/tvbrazilusa.com\/pt\/wp-json\/wp\/v2\/media\/98717"}],"wp:attachment":[{"href":"https:\/\/tvbrazilusa.com\/pt\/wp-json\/wp\/v2\/media?parent=98716"}],"wp:term":[{"taxonomy":"category","embeddable":true,"href":"https:\/\/tvbrazilusa.com\/pt\/wp-json\/wp\/v2\/categories?post=98716"},{"taxonomy":"post_tag","embeddable":true,"href":"https:\/\/tvbrazilusa.com\/pt\/wp-json\/wp\/v2\/tags?post=98716"}],"curies":[{"name":"wp","href":"https:\/\/api.w.org\/{rel}","templated":true}]}}