{"id":98719,"date":"2025-02-03T12:57:07","date_gmt":"2025-02-03T12:57:07","guid":{"rendered":"https:\/\/tvbrazilusa.com\/2025\/02\/03\/carmen-nega-pedido-de-bolsonaro-e-mantem-investigacao-sobre-cartao-de-vacina\/"},"modified":"2025-02-03T12:57:09","modified_gmt":"2025-02-03T12:57:09","slug":"carmen-nega-pedido-de-bolsonaro-e-mantem-investigacao-sobre-cartao-de-vacina","status":"publish","type":"post","link":"https:\/\/tvbrazilusa.com\/pt\/2025\/02\/03\/carmen-nega-pedido-de-bolsonaro-e-mantem-investigacao-sobre-cartao-de-vacina\/","title":{"rendered":"C\u00e1rmen nega pedido de Bolsonaro e mant\u00e9m investiga\u00e7\u00e3o sobre cart\u00e3o de vacina"},"content":{"rendered":"<p> <script async src=\"https:\/\/pagead2.googlesyndication.com\/pagead\/js\/adsbygoogle.js?client=ca-pub-8864793242727901\"\r\n     crossorigin=\"anonymous\"><\/script><br \/>\n<\/p>\n<div id=\"taboola-read-more\" style=\"display:block; width:100%\">\n<p>A ministra C\u00e1rmen L\u00facia, do Supremo Tribunal Federal (STF), negou o pedido da defesa do ex-presidente Jair Bolsonaro para anular a investiga\u00e7\u00e3o sobre a inclus\u00e3o de dados falsos de vacina\u00e7\u00e3o contra a covid-19 nos sistemas do Minist\u00e9rio da Sa\u00fade.\n<\/p>\n<p>Caso a ministra aceitasse o pedido, outros processos que envolvem Bolsonaro, como a suposta trama golpista e o suposto desvio de joias sauditas, poderiam ser afetados. A decis\u00e3o foi divulgada no \u00faltimo s\u00e1bado, 1\u00ba.<\/p>\n<p>A apura\u00e7\u00e3o inicial resultou na pris\u00e3o preventiva do tenente-coronel Mauro Cid, em maio de 2023, e no indiciamento de Bolsonaro. A defesa do ex-presidente contestou a escolha do ministro Alexandre de Moraes como relator de v\u00e1rias investiga\u00e7\u00f5es, argumentando que houve uma concentra\u00e7\u00e3o irregular de casos sob sua responsabilidade.\n<\/p>\n<p>Os advogados alegaram que a escolha de Moraes foi feita de forma irregular pelo ministro Dias Toffoli, ent\u00e3o presidente da Corte, permitindo que o ministro ficasse \u00e0 frente de m\u00faltiplos inqu\u00e9ritos.\n<\/p>\n<p><strong>Inqu\u00e9ritos sob relatoria de Moraes e a decis\u00e3o de C\u00e1rmen<\/strong><br \/>Entre os inqu\u00e9ritos que se seguiram ao das fake news, sob a relatoria de Moraes, est\u00e1 o das mil\u00edcias digitais, que forneceu elementos para outras investiga\u00e7\u00f5es, como a fraude no registro de cart\u00f5es de vacina\u00e7\u00e3o.\n<\/p>\n<p>Essa investiga\u00e7\u00e3o, formalmente conhecida como Peti\u00e7\u00e3o 10.405, tamb\u00e9m abrange a suposta trama golpista e o suposto desvio de joias sauditas. A regra de conex\u00e3o, que permite que casos com v\u00ednculos probat\u00f3rios sejam conduzidos pelo mesmo magistrado, foi utilizada para justificar a perman\u00eancia de Moraes na relatoria.\n<\/p>\n<p>A defesa de Bolsonaro tamb\u00e9m argumentou que a Peti\u00e7\u00e3o 10.405 foi instaurada de forma sigilosa e sem a devida manifesta\u00e7\u00e3o do Minist\u00e9rio P\u00fablico. Para os advogados, esse expediente funcionou como um \u201cinqu\u00e9rito paralelo\u201d, violando o devido processo legal.\n<\/p>\n<p>\u201cA autua\u00e7\u00e3o da PET n\u00ba 10.405, a imposi\u00e7\u00e3o e manuten\u00e7\u00e3o de sua relatoria ao pr\u00f3prio Eminente Ministro Alexandre de Moraes \u2014 prolator do ato impugnado \u2014 ao pretexto de suposta exist\u00eancia de conex\u00e3o probat\u00f3ria entre tal \u2018PET\u2019 e os Inqu\u00e9ritos n\u00ba 4.874, 4.781 e 4.878 \u00e9 absolutamente descabida e, mais uma vez, viola os princ\u00edpios do juiz natural, do devido processo legal e da imparcialidade\u201d, afirmaram os advogados.\n<\/p>\n<p>Para C\u00e1rmen L\u00facia, no entanto, n\u00e3o houve ilegalidade nos atos dos ministros Toffoli e Moraes e a condu\u00e7\u00e3o das investiga\u00e7\u00f5es respeitou os crit\u00e9rios estabelecidos pelo STF. A ministra tamb\u00e9m destacou o uso inadequado do mandado de seguran\u00e7a, que foi apresentado fora do prazo legal de 120 dias.\n<\/p>\n<p><strong>O caso que envolve Bolsonaro e o cart\u00e3o de vacina<\/strong><br \/>Foi a partir de ind\u00edcios coletados na investiga\u00e7\u00e3o sobre a suposta fraude no cart\u00e3o de vacina\u00e7\u00e3o que, em maio de 2023, a Pol\u00edcia Federal deflagrou a Opera\u00e7\u00e3o Venire. Essa opera\u00e7\u00e3o resultou na pris\u00e3o de Mauro Cid, antigo ajudante de ordens de Jair Bolsonaro, al\u00e9m de buscas e apreens\u00f5es contra outros envolvidos, incluindo assessores e ex-membros do governo do ex-presidente.\n<\/p>\n<p>Depois de sua pris\u00e3o, Mauro Cid firmou um acordo de dela\u00e7\u00e3o premiada, em setembro de 2023, homologado pelo STF, que deu origem a novas investiga\u00e7\u00f5es e refor\u00e7ou apura\u00e7\u00f5es em andamento.<\/p>\n<p>Fonte: Revista Oeste              <\/p>\n<\/div>\n<p><br \/>\n<br \/><a href=\"https:\/\/diariodobrasilnoticias.com.br\/noticia\/carmen-nega-pedido-de-bolsonaro-e-mantem-investigacao-sobre-cartao-de-vacina-67a0b0cb34f0a\">Source link <\/a><\/p>","protected":false},"excerpt":{"rendered":"<p>A ministra C\u00e1rmen L\u00facia, do Supremo Tribunal Federal (STF), negou o pedido da defesa do ex-presidente Jair Bolsonaro para anular a investiga\u00e7\u00e3o sobre a inclus\u00e3o de dados falsos de vacina\u00e7\u00e3o&hellip;<\/p>","protected":false},"author":1,"featured_media":98720,"comment_status":"closed","ping_status":"open","sticky":false,"template":"","format":"standard","meta":{"content-type":"","footnotes":""},"categories":[16],"tags":[123,2448,5313,1267],"class_list":["post-98719","post","type-post","status-publish","format-standard","has-post-thumbnail","hentry","category-noticias","tag-brasil","tag-diario","tag-noticia","tag-noticias"],"_links":{"self":[{"href":"https:\/\/tvbrazilusa.com\/pt\/wp-json\/wp\/v2\/posts\/98719","targetHints":{"allow":["GET"]}}],"collection":[{"href":"https:\/\/tvbrazilusa.com\/pt\/wp-json\/wp\/v2\/posts"}],"about":[{"href":"https:\/\/tvbrazilusa.com\/pt\/wp-json\/wp\/v2\/types\/post"}],"author":[{"embeddable":true,"href":"https:\/\/tvbrazilusa.com\/pt\/wp-json\/wp\/v2\/users\/1"}],"replies":[{"embeddable":true,"href":"https:\/\/tvbrazilusa.com\/pt\/wp-json\/wp\/v2\/comments?post=98719"}],"version-history":[{"count":1,"href":"https:\/\/tvbrazilusa.com\/pt\/wp-json\/wp\/v2\/posts\/98719\/revisions"}],"predecessor-version":[{"id":98721,"href":"https:\/\/tvbrazilusa.com\/pt\/wp-json\/wp\/v2\/posts\/98719\/revisions\/98721"}],"wp:featuredmedia":[{"embeddable":true,"href":"https:\/\/tvbrazilusa.com\/pt\/wp-json\/wp\/v2\/media\/98720"}],"wp:attachment":[{"href":"https:\/\/tvbrazilusa.com\/pt\/wp-json\/wp\/v2\/media?parent=98719"}],"wp:term":[{"taxonomy":"category","embeddable":true,"href":"https:\/\/tvbrazilusa.com\/pt\/wp-json\/wp\/v2\/categories?post=98719"},{"taxonomy":"post_tag","embeddable":true,"href":"https:\/\/tvbrazilusa.com\/pt\/wp-json\/wp\/v2\/tags?post=98719"}],"curies":[{"name":"wp","href":"https:\/\/api.w.org\/{rel}","templated":true}]}}