{"id":98728,"date":"2025-02-03T13:23:01","date_gmt":"2025-02-03T13:23:01","guid":{"rendered":"https:\/\/tvbrazilusa.com\/2025\/02\/03\/policia-investiga-presidente-da-camara-por-ato-libidinoso-apos-video-com-as-netas\/"},"modified":"2025-02-03T13:23:07","modified_gmt":"2025-02-03T13:23:07","slug":"policia-investiga-presidente-da-camara-por-ato-libidinoso-apos-video-com-as-netas","status":"publish","type":"post","link":"https:\/\/tvbrazilusa.com\/pt\/2025\/02\/03\/policia-investiga-presidente-da-camara-por-ato-libidinoso-apos-video-com-as-netas\/","title":{"rendered":"Pol\u00edcia investiga presidente da C\u00e2mara por ato libidinoso ap\u00f3s v\u00eddeo com as netas"},"content":{"rendered":"<p> <script async src=\"https:\/\/pagead2.googlesyndication.com\/pagead\/js\/adsbygoogle.js?client=ca-pub-8864793242727901\"\r\n     crossorigin=\"anonymous\"><\/script><br \/>\n<\/p>\n<div data-block-type=\"unstyled\" data-block-weight=\"79\" data-block-id=\"11\">\n<p class=\"content-text__container\" data-track-category=\"Link no Texto\" data-track-links=\"\" data-mrf-recirculation=\"Mat\u00e9ria - Links no Texto\">&#8220;S\u00e3o duas netinhas minhas, que eu amo. Elas convivem mais l\u00e1 em casa do que com a m\u00e3e. J\u00e1 falei com o Minist\u00e9rio P\u00fablico, ent\u00e3o est\u00e1 sendo resolvido. N\u00e3o acho nada demais eu n\u00e3o poder brincar com as netas na minha cama, na minha casa, na presen\u00e7a dos pais e das m\u00e3es. E o peito n\u00e3o passou cinco segundos. A menina d\u00e1 uma chupadinha, eu acho que n\u00e3o \u00e9 veneno n\u00e3o, n\u00e3o faz mal n\u00e3o. Ent\u00e3o eu estou tranquilo.&#8221;\n<\/p>\n<\/div>\n<p><br \/>\n<br \/><a href=\"https:\/\/diariodobrasilnoticias.com.br\/noticia\/policia-investiga-presidente-da-camara-por-ato-libidinoso-apos-video-com-as-netas-67a0aa49cd280\">Source link <\/a><\/p>","protected":false},"excerpt":{"rendered":"<p>&#8220;S\u00e3o duas netinhas minhas, que eu amo. Elas convivem mais l\u00e1 em casa do que com a m\u00e3e. J\u00e1 falei com o Minist\u00e9rio P\u00fablico, ent\u00e3o est\u00e1 sendo resolvido. N\u00e3o acho&hellip;<\/p>","protected":false},"author":1,"featured_media":98729,"comment_status":"closed","ping_status":"open","sticky":false,"template":"","format":"standard","meta":{"content-type":"","footnotes":""},"categories":[16],"tags":[123,2448,5313,1267],"class_list":["post-98728","post","type-post","status-publish","format-standard","has-post-thumbnail","hentry","category-noticias","tag-brasil","tag-diario","tag-noticia","tag-noticias"],"_links":{"self":[{"href":"https:\/\/tvbrazilusa.com\/pt\/wp-json\/wp\/v2\/posts\/98728","targetHints":{"allow":["GET"]}}],"collection":[{"href":"https:\/\/tvbrazilusa.com\/pt\/wp-json\/wp\/v2\/posts"}],"about":[{"href":"https:\/\/tvbrazilusa.com\/pt\/wp-json\/wp\/v2\/types\/post"}],"author":[{"embeddable":true,"href":"https:\/\/tvbrazilusa.com\/pt\/wp-json\/wp\/v2\/users\/1"}],"replies":[{"embeddable":true,"href":"https:\/\/tvbrazilusa.com\/pt\/wp-json\/wp\/v2\/comments?post=98728"}],"version-history":[{"count":1,"href":"https:\/\/tvbrazilusa.com\/pt\/wp-json\/wp\/v2\/posts\/98728\/revisions"}],"predecessor-version":[{"id":98730,"href":"https:\/\/tvbrazilusa.com\/pt\/wp-json\/wp\/v2\/posts\/98728\/revisions\/98730"}],"wp:featuredmedia":[{"embeddable":true,"href":"https:\/\/tvbrazilusa.com\/pt\/wp-json\/wp\/v2\/media\/98729"}],"wp:attachment":[{"href":"https:\/\/tvbrazilusa.com\/pt\/wp-json\/wp\/v2\/media?parent=98728"}],"wp:term":[{"taxonomy":"category","embeddable":true,"href":"https:\/\/tvbrazilusa.com\/pt\/wp-json\/wp\/v2\/categories?post=98728"},{"taxonomy":"post_tag","embeddable":true,"href":"https:\/\/tvbrazilusa.com\/pt\/wp-json\/wp\/v2\/tags?post=98728"}],"curies":[{"name":"wp","href":"https:\/\/api.w.org\/{rel}","templated":true}]}}