{"id":98733,"date":"2025-02-03T13:39:14","date_gmt":"2025-02-03T13:39:14","guid":{"rendered":"https:\/\/tvbrazilusa.com\/2025\/02\/03\/oferta-de-emprego-para-motorista-em-banda-de-forro-surpreende-com-exigencia-inusitada-veja-video\/"},"modified":"2025-02-03T13:39:18","modified_gmt":"2025-02-03T13:39:18","slug":"oferta-de-emprego-para-motorista-em-banda-de-forro-surpreende-com-exigencia-inusitada-veja-video","status":"publish","type":"post","link":"https:\/\/tvbrazilusa.com\/pt\/2025\/02\/03\/oferta-de-emprego-para-motorista-em-banda-de-forro-surpreende-com-exigencia-inusitada-veja-video\/","title":{"rendered":"Oferta de emprego para motorista em banda de forr\u00f3 surpreende com exig\u00eancia inusitada; VEJA V\u00cdDEO"},"content":{"rendered":"<p> <script async src=\"https:\/\/pagead2.googlesyndication.com\/pagead\/js\/adsbygoogle.js?client=ca-pub-8864793242727901\"\r\n     crossorigin=\"anonymous\"><\/script><br \/>\n<\/p>\n<div id=\"taboola-read-more\" style=\"display:block; width:100%\">\n<p>A cantora Juliana Bonde, vocalista do Bonde do Forr\u00f3, anunciou nesta sexta-feira (24\/01) nas redes sociais a abertura de uma vaga para motorista do \u00f4nibus da banda.\n<\/p>\n<p>O que causou repercuss\u00e3o foi o requisito para o cargo: o candidato precisa ser gay. Segundo Juliana, a exig\u00eancia surgiu ap\u00f3s experi\u00eancias desagrad\u00e1veis no passado, quando motoristas antigos foram acusados de comportamentos inadequados, como roubo de pe\u00e7as \u00edntimas das dan\u00e7arinas, que frequentemente se trocam dentro do ve\u00edculo durante as turn\u00eas.<\/p>\n<p>A medida, segundo a cantora, busca garantir mais seguran\u00e7a e conforto para as mulheres da equipe.\n<\/p>\n<p>Em um tom descontra\u00eddo no v\u00eddeo, Juliana refor\u00e7ou que n\u00e3o adianta tentar enganar: \u201cVai ter teste\u201d, brincou.\n<\/p>\n<p>Fonte: Blog do P\u00e1ssaro              <\/p>\n<\/div>\n<p><br \/>\n<br \/><a href=\"https:\/\/diariodobrasilnoticias.com.br\/noticia\/oferta-de-emprego-para-motorista-em-banda-de-forro-surpreende-com-exigencia-inusitada-veja-video-67a0b979eb1d1\">Source link <\/a><\/p>","protected":false},"excerpt":{"rendered":"<p>A cantora Juliana Bonde, vocalista do Bonde do Forr\u00f3, anunciou nesta sexta-feira (24\/01) nas redes sociais a abertura de uma vaga para motorista do \u00f4nibus da banda. O que causou&hellip;<\/p>","protected":false},"author":1,"featured_media":98734,"comment_status":"closed","ping_status":"open","sticky":false,"template":"","format":"standard","meta":{"content-type":"","footnotes":""},"categories":[16],"tags":[123,2448,5313,1267],"class_list":["post-98733","post","type-post","status-publish","format-standard","has-post-thumbnail","hentry","category-noticias","tag-brasil","tag-diario","tag-noticia","tag-noticias"],"_links":{"self":[{"href":"https:\/\/tvbrazilusa.com\/pt\/wp-json\/wp\/v2\/posts\/98733","targetHints":{"allow":["GET"]}}],"collection":[{"href":"https:\/\/tvbrazilusa.com\/pt\/wp-json\/wp\/v2\/posts"}],"about":[{"href":"https:\/\/tvbrazilusa.com\/pt\/wp-json\/wp\/v2\/types\/post"}],"author":[{"embeddable":true,"href":"https:\/\/tvbrazilusa.com\/pt\/wp-json\/wp\/v2\/users\/1"}],"replies":[{"embeddable":true,"href":"https:\/\/tvbrazilusa.com\/pt\/wp-json\/wp\/v2\/comments?post=98733"}],"version-history":[{"count":1,"href":"https:\/\/tvbrazilusa.com\/pt\/wp-json\/wp\/v2\/posts\/98733\/revisions"}],"predecessor-version":[{"id":98735,"href":"https:\/\/tvbrazilusa.com\/pt\/wp-json\/wp\/v2\/posts\/98733\/revisions\/98735"}],"wp:featuredmedia":[{"embeddable":true,"href":"https:\/\/tvbrazilusa.com\/pt\/wp-json\/wp\/v2\/media\/98734"}],"wp:attachment":[{"href":"https:\/\/tvbrazilusa.com\/pt\/wp-json\/wp\/v2\/media?parent=98733"}],"wp:term":[{"taxonomy":"category","embeddable":true,"href":"https:\/\/tvbrazilusa.com\/pt\/wp-json\/wp\/v2\/categories?post=98733"},{"taxonomy":"post_tag","embeddable":true,"href":"https:\/\/tvbrazilusa.com\/pt\/wp-json\/wp\/v2\/tags?post=98733"}],"curies":[{"name":"wp","href":"https:\/\/api.w.org\/{rel}","templated":true}]}}