{"id":98759,"date":"2025-02-03T14:51:57","date_gmt":"2025-02-03T14:51:57","guid":{"rendered":"https:\/\/tvbrazilusa.com\/2025\/02\/03\/trump-expulsa-grandes-veiculos-da-area-de-imprensa-do-pentagono-e-abre-vagas-para-veiculos-alinhados-a-direita\/"},"modified":"2025-02-03T14:51:58","modified_gmt":"2025-02-03T14:51:58","slug":"trump-expulsa-grandes-veiculos-da-area-de-imprensa-do-pentagono-e-abre-vagas-para-veiculos-alinhados-a-direita","status":"publish","type":"post","link":"https:\/\/tvbrazilusa.com\/pt\/2025\/02\/03\/trump-expulsa-grandes-veiculos-da-area-de-imprensa-do-pentagono-e-abre-vagas-para-veiculos-alinhados-a-direita\/","title":{"rendered":"Trump expulsa grandes ve\u00edculos da \u00e1rea de imprensa do Pent\u00e1gono e abre vagas para ve\u00edculos alinhados \u00e0 direita"},"content":{"rendered":"<p> <script async src=\"https:\/\/pagead2.googlesyndication.com\/pagead\/js\/adsbygoogle.js?client=ca-pub-8864793242727901\"\r\n     crossorigin=\"anonymous\"><\/script><br \/>\n<\/p>\n<div id=\"taboola-read-more\" style=\"display:block; width:100%\">\n<p>A administra\u00e7\u00e3o do presidente dos Estados Unidos, Donald Trump, ordenou a retirada de ao menos quatro ve\u00edculos de imprensa do espa\u00e7o destinado \u00e0 m\u00eddia no Pent\u00e1gono. A medida, segundo o governo, tem o objetivo de permitir a entrada de novos meios de comunica\u00e7\u00e3o que ainda n\u00e3o tiveram a oportunidade de atuar como membros residentes no Departamento de Defesa.<\/p>\n<p>Os ve\u00edculos afetados s\u00e3o New York Times, NPR, NBC News e Politico. De acordo com o porta-voz do Pent\u00e1gono, John Ullyot, eles devem desocupar seus espa\u00e7os at\u00e9 14 de fevereiro. Em substitui\u00e7\u00e3o, os novos meios que ocupar\u00e3o as vagas incluem New York Post, Breitbart News, One America News e HuffPost, pertencente ao grupo BuzzFeed. Todos eles s\u00e3o considerados como m\u00eddias com editoriais mais \u00e0 direita.<\/p>\n<p>Ullyot afirmou que a decis\u00e3o faz parte de um \u201cnovo programa anual de rota\u00e7\u00e3o de m\u00eddia\u201d e alegou que os ve\u00edculos retirados ainda poder\u00e3o participar de coletivas e permanecer\u00e3o como membros do corpo de imprensa do Pent\u00e1gono, mas sem acesso aos escrit\u00f3rios f\u00edsicos dentro do pr\u00e9dio.<\/p>\n<p>A decis\u00e3o gerou rea\u00e7\u00f5es dos ve\u00edculos afetados. Charlie Stadtlander, porta-voz do New York Times, classificou a medida como \u201cpreocupante\u201d e afirmou que restringir o acesso da imprensa \u201cn\u00e3o est\u00e1 no interesse p\u00fablico\u201d. Isabel Lara, da NPR, declarou que a mudan\u00e7a \u201cinterfere na capacidade de milh\u00f5es de americanos ouvirem diretamente a lideran\u00e7a do Pent\u00e1gono\u201d e defendeu a expans\u00e3o do espa\u00e7o para que todos os ve\u00edculos mantenham acesso igualit\u00e1rio.<\/p>\n<p>J\u00e1 os ve\u00edculos que assumir\u00e3o os espa\u00e7os no Pent\u00e1gono se manifestaram favoravelmente \u00e0 mudan\u00e7a. O New York Post afirmou que sua presen\u00e7a no local \u201cfaz todo sentido\u201d, enquanto Charles Herring, do One America News, declarou que a emissora \u201ccontinua buscando acesso semelhante ao concedido a outros ve\u00edculos de not\u00edcias nacionais que operam diariamente em Washington\u201d.<\/p>\n<p>Fonte: Conex\u00e3o Pol\u00edtica<\/p>\n<\/p><\/div>\n<p><br \/>\n<br \/><a href=\"https:\/\/diariodobrasilnoticias.com.br\/noticia\/trump-expulsa-grandes-veiculos-da-area-de-imprensa-do-pentagono-e-abre-vagas-para-veiculos-alinhados-a-direita-67a0b43f24aae\">Source link <\/a><\/p>","protected":false},"excerpt":{"rendered":"<p>A administra\u00e7\u00e3o do presidente dos Estados Unidos, Donald Trump, ordenou a retirada de ao menos quatro ve\u00edculos de imprensa do espa\u00e7o destinado \u00e0 m\u00eddia no Pent\u00e1gono. A medida, segundo o&hellip;<\/p>","protected":false},"author":1,"featured_media":98760,"comment_status":"closed","ping_status":"open","sticky":false,"template":"","format":"standard","meta":{"content-type":"","footnotes":""},"categories":[16],"tags":[123,2448,5313,1267],"class_list":["post-98759","post","type-post","status-publish","format-standard","has-post-thumbnail","hentry","category-noticias","tag-brasil","tag-diario","tag-noticia","tag-noticias"],"_links":{"self":[{"href":"https:\/\/tvbrazilusa.com\/pt\/wp-json\/wp\/v2\/posts\/98759","targetHints":{"allow":["GET"]}}],"collection":[{"href":"https:\/\/tvbrazilusa.com\/pt\/wp-json\/wp\/v2\/posts"}],"about":[{"href":"https:\/\/tvbrazilusa.com\/pt\/wp-json\/wp\/v2\/types\/post"}],"author":[{"embeddable":true,"href":"https:\/\/tvbrazilusa.com\/pt\/wp-json\/wp\/v2\/users\/1"}],"replies":[{"embeddable":true,"href":"https:\/\/tvbrazilusa.com\/pt\/wp-json\/wp\/v2\/comments?post=98759"}],"version-history":[{"count":1,"href":"https:\/\/tvbrazilusa.com\/pt\/wp-json\/wp\/v2\/posts\/98759\/revisions"}],"predecessor-version":[{"id":98761,"href":"https:\/\/tvbrazilusa.com\/pt\/wp-json\/wp\/v2\/posts\/98759\/revisions\/98761"}],"wp:featuredmedia":[{"embeddable":true,"href":"https:\/\/tvbrazilusa.com\/pt\/wp-json\/wp\/v2\/media\/98760"}],"wp:attachment":[{"href":"https:\/\/tvbrazilusa.com\/pt\/wp-json\/wp\/v2\/media?parent=98759"}],"wp:term":[{"taxonomy":"category","embeddable":true,"href":"https:\/\/tvbrazilusa.com\/pt\/wp-json\/wp\/v2\/categories?post=98759"},{"taxonomy":"post_tag","embeddable":true,"href":"https:\/\/tvbrazilusa.com\/pt\/wp-json\/wp\/v2\/tags?post=98759"}],"curies":[{"name":"wp","href":"https:\/\/api.w.org\/{rel}","templated":true}]}}