{"id":98765,"date":"2025-02-03T15:19:19","date_gmt":"2025-02-03T15:19:19","guid":{"rendered":"https:\/\/tvbrazilusa.com\/2025\/02\/03\/preco-do-cafe-quebra-recorde-em-janeiro-confira\/"},"modified":"2025-02-03T15:19:22","modified_gmt":"2025-02-03T15:19:22","slug":"preco-do-cafe-quebra-recorde-em-janeiro-confira","status":"publish","type":"post","link":"https:\/\/tvbrazilusa.com\/pt\/2025\/02\/03\/preco-do-cafe-quebra-recorde-em-janeiro-confira\/","title":{"rendered":"Pre\u00e7o do caf\u00e9 quebra recorde em janeiro; confira"},"content":{"rendered":"<p> <script async src=\"https:\/\/pagead2.googlesyndication.com\/pagead\/js\/adsbygoogle.js?client=ca-pub-8864793242727901\"\r\n     crossorigin=\"anonymous\"><\/script><br \/>\n<\/p>\n<div>\n<figure class=\"post-image\">\n<\/figure>\n<p>            <span style=\"font-size: 12px\"> Foto: Wenderson Ara\u00fajo\/Trilux<\/span><\/p>\n<p>            <!-- end metas --><br \/>\n            <!-- ADS --><\/p>\n<div id=\"taboola-read-more\" style=\"display:block; width:100%\">\n<p>Nos supermercados do Brasil, o pre\u00e7o do caf\u00e9 assusta os consumidores. A alta nas g\u00f4ndolas tem rela\u00e7\u00e3o direta com a cota\u00e7\u00e3o da saca na ro\u00e7a, que quebrou recordes em janeiro de 2025.\n<\/p>\n<p>No fim de janeiro, o pre\u00e7o do caf\u00e9 na ro\u00e7a chegou a US$ 355 por saca de 60 kg. \u00c9 o maior valor j\u00e1 registrado, de acordo com o hist\u00f3rico mantido pela Universidade de S\u00e3o Paulo (USP). Al\u00e9m disso, \u00e9 mais do que o dobro da cota\u00e7\u00e3o de um ano antes (US$ 171). Foi nessa mesma \u00e9poca que o pre\u00e7o come\u00e7ou a disparar nos supermercados \u2014 e n\u00e3o cedeu desde ent\u00e3o, conforme mostram os dados do Instituto Brasileiro de Geografia e Estat\u00edstica (IBGE).<\/p>\n<p>Segundo o \u00f3rg\u00e3o, a alta acumulada entre janeiro e dezembro de 2024 foi de quase 40%. Esse foi o segundo maior aumento da s\u00e9rie hist\u00f3rica, perdendo apenas para dezembro de 2021, quando a eleva\u00e7\u00e3o anual fechou em 50%.\n<\/p>\n<p>Por que o pre\u00e7o do caf\u00e9 subiu?<br \/>A alta nas cota\u00e7\u00f5es ocorreu apesar do aumento da produ\u00e7\u00e3o no campo. Contudo, o pre\u00e7o subiu \u00e0 medida que um grande mercado aumentou as compras de caf\u00e9 no exterior: a China. Em 2024, as importa\u00e7\u00f5es do gr\u00e3o pelo gigante asi\u00e1tico cresceram 30% em compara\u00e7\u00e3o com 2023 e dobraram em rela\u00e7\u00e3o a 2020.\n<\/p>\n<p>Fonte: Revista Oeste              <\/p>\n<\/div>\n<p>                        <!-- Scripts para conteudo --><\/p>\n<p>            <!-- .\/Scripts para conteudo --><br \/>\n            <!-- .\/Mat\u00e9ria --><\/p>\n<div class=\"row mt-3\">\n<div class=\"col-sm-6\">\n                <!-- Whatsapp channel 3--><br \/>\n                <a href=\"https:\/\/chat.whatsapp.com\/B8Qy6Erx4kb6yTzj3kaDco\" target=\"_blank\"><br \/>\n                  <img decoding=\"async\" src=\"https:\/\/diariodobrasilnoticias.com.br\/assets-site\/images\/bot_whatsapp.png\"\/><\/a>\n              <\/div>\n<div class=\"col-sm-6\">\n                <a href=\"https:\/\/t.me\/+_4gTmi5LKo03OTM5\" target=\"_blank\"><br \/>\n                  <img decoding=\"async\" src=\"https:\/\/diariodobrasilnoticias.com.br\/assets-site\/images\/bot_telegram.png\"\/><\/a>\n              <\/div>\n<\/p><\/div>\n<p>            <!-- end post-navigation --><\/p>\n<p>              <!-- end row --><\/p>\n<p>              <!-- end col-12-->\n                      <\/div>\n<p><br \/>\n<br \/><a href=\"https:\/\/diariodobrasilnoticias.com.br\/noticia\/preco-do-cafe-quebra-recorde-em-janeiro-confira-67a0da2b8c045\">Source link <\/a><\/p>","protected":false},"excerpt":{"rendered":"<p>Foto: Wenderson Ara\u00fajo\/Trilux Nos supermercados do Brasil, o pre\u00e7o do caf\u00e9 assusta os consumidores. A alta nas g\u00f4ndolas tem rela\u00e7\u00e3o direta com a cota\u00e7\u00e3o da saca na ro\u00e7a, que quebrou&hellip;<\/p>","protected":false},"author":1,"featured_media":98766,"comment_status":"closed","ping_status":"open","sticky":false,"template":"","format":"standard","meta":{"content-type":"","footnotes":""},"categories":[16],"tags":[123,2448,5313,1267],"class_list":["post-98765","post","type-post","status-publish","format-standard","has-post-thumbnail","hentry","category-noticias","tag-brasil","tag-diario","tag-noticia","tag-noticias"],"_links":{"self":[{"href":"https:\/\/tvbrazilusa.com\/pt\/wp-json\/wp\/v2\/posts\/98765","targetHints":{"allow":["GET"]}}],"collection":[{"href":"https:\/\/tvbrazilusa.com\/pt\/wp-json\/wp\/v2\/posts"}],"about":[{"href":"https:\/\/tvbrazilusa.com\/pt\/wp-json\/wp\/v2\/types\/post"}],"author":[{"embeddable":true,"href":"https:\/\/tvbrazilusa.com\/pt\/wp-json\/wp\/v2\/users\/1"}],"replies":[{"embeddable":true,"href":"https:\/\/tvbrazilusa.com\/pt\/wp-json\/wp\/v2\/comments?post=98765"}],"version-history":[{"count":1,"href":"https:\/\/tvbrazilusa.com\/pt\/wp-json\/wp\/v2\/posts\/98765\/revisions"}],"predecessor-version":[{"id":98767,"href":"https:\/\/tvbrazilusa.com\/pt\/wp-json\/wp\/v2\/posts\/98765\/revisions\/98767"}],"wp:featuredmedia":[{"embeddable":true,"href":"https:\/\/tvbrazilusa.com\/pt\/wp-json\/wp\/v2\/media\/98766"}],"wp:attachment":[{"href":"https:\/\/tvbrazilusa.com\/pt\/wp-json\/wp\/v2\/media?parent=98765"}],"wp:term":[{"taxonomy":"category","embeddable":true,"href":"https:\/\/tvbrazilusa.com\/pt\/wp-json\/wp\/v2\/categories?post=98765"},{"taxonomy":"post_tag","embeddable":true,"href":"https:\/\/tvbrazilusa.com\/pt\/wp-json\/wp\/v2\/tags?post=98765"}],"curies":[{"name":"wp","href":"https:\/\/api.w.org\/{rel}","templated":true}]}}