{"id":98768,"date":"2025-02-03T15:13:27","date_gmt":"2025-02-03T15:13:27","guid":{"rendered":"https:\/\/tvbrazilusa.com\/2025\/02\/03\/janeiro-trouxe-recorde-frio-fevereiro-significa-calor-de-inverno-jacksonville-hoje\/"},"modified":"2025-02-03T15:22:56","modified_gmt":"2025-02-03T15:22:56","slug":"janeiro-trouxe-recorde-frio-fevereiro-significa-calor-de-inverno-jacksonville-hoje","status":"publish","type":"post","link":"https:\/\/tvbrazilusa.com\/pt\/2025\/02\/03\/janeiro-trouxe-recorde-frio-fevereiro-significa-calor-de-inverno-jacksonville-hoje\/","title":{"rendered":"Janeiro trouxe recorde frio; Fevereiro significa calor de inverno | Jacksonville hoje"},"content":{"rendered":"<p> <script async src=\"https:\/\/pagead2.googlesyndication.com\/pagead\/js\/adsbygoogle.js?client=ca-pub-8864793242727901\"\r\n     crossorigin=\"anonymous\"><\/script><br \/>\n<\/p>\n<div>\n<p>Depois de dias e dias de temperatura fria recorde e queda de neve hist\u00f3rica, o clima da Fl\u00f3rida est\u00e1 (finalmente) de volta ao normal.<\/p>\n<p>O <b>Panhandle&#8217;s <\/b>As temperaturas continuar\u00e3o aumentando nos anos 60 ao longo da semana, atingindo at\u00e9 meados dos anos 70 na sexta -feira<\/p>\n<p><b>Areas de Tallahassee e Jacksonville <\/b>ver\u00e1 temperaturas nos anos 70 ao longo da semana, com Jacksonville vendo altas nos anos 80.<\/p>\n<p><b>Fl\u00f3rida Central e Sul da Fl\u00f3rida<\/b> ter\u00e1 clima quente nos anos 70 e baixos ao longo da semana.<\/p>\n<p>Em 16 de janeiro, o Centro de Previs\u00e3o Clim\u00e1tica divulgou suas perspectivas para fevereiro nos EUA. O objetivo da ag\u00eancia \u00e9 prever a tend\u00eancia de temperatura e precipita\u00e7\u00e3o para cada m\u00eas e temporada.<\/p>\n<p>Para a Fl\u00f3rida, a previs\u00e3o atual \u00e9 aquela com a qual muitos floridianos ficar\u00e3o muito felizes ap\u00f3s a incomumente fria em janeiro em todo o estado.<\/p>\n<\/p>\n<p>A previs\u00e3o estendida mostra uma tend\u00eancia de temperaturas acima do normal. Em fevereiro, a temperatura m\u00e9dia alta para a maior parte do estado \u00e9 geralmente nos anos 70. E os baixos matinais variam entre os anos 50 para baixos m\u00e9dios da manh\u00e3, at\u00e9 os 60s mais baixos para o sul da Fl\u00f3rida.<\/p>\n<p>Al\u00e9m de nossas temperaturas, a Fl\u00f3rida tamb\u00e9m parece ter uma tend\u00eancia mais seca para fevereiro.<\/p>\n<p><img loading=\"lazy\" decoding=\"async\" src=\"https:\/\/npr.brightspotcdn.com\/8d\/d6\/1234a6244e9680fed19ae36a7d56\/monthly-precip-february.gif\" alt=\"\" width=\"3300\" height=\"2550\"\/><\/p>\n<p>A Fl\u00f3rida deve continuar uma tend\u00eancia seca para fevereiro, mas \u00e9 tend\u00eancia para ser ainda mais seca que janeiro. O motivo dessa previs\u00e3o \u00e9 devido \u00e0s condi\u00e7\u00f5es de La Ni\u00f1a que est\u00e3o atualmente presentes e previstas para persistir at\u00e9 abril de 2025.<\/p>\n<p>La Ni\u00f1a significaria um inverno mais quente e seco para a Fl\u00f3rida. La Ni\u00f1a empurra tempestades para o noroeste do Pac\u00edfico em uma pista mais ao norte e interior, segurando o jato em latitudes mais altas, onde prende o ar frio ao norte.<\/p>\n<p>Isso normalmente significa clima seco, condi\u00e7\u00f5es mais quentes e seca para o sul dos EUA e temperaturas mais baixas para o meio -oeste e o noroeste do Pac\u00edfico.<\/p>\n<p><img loading=\"lazy\" decoding=\"async\" src=\"https:\/\/npr.brightspotcdn.com\/ce\/45\/6315919e45ea979b5fbe0546b872\/screenshot-2025-01-30-at-6-15-41-pm.png\" alt=\"\" width=\"3266\" height=\"1804\"\/><\/p>\n<p>Se tiv\u00e9ssemos permanecido no ENSO ou em um El Ni\u00f1o fraco, ter\u00edamos um inverno mais \u00famido do que o normal. A previs\u00e3o atual exige uma transi\u00e7\u00e3o de volta para o ENSO a tempo da temporada de furac\u00f5es.<\/p>\n<p>O cisalhamento do vento associado ao El Ni\u00f1o ajudaria a limitar o desenvolvimento tropical. Mas esse n\u00e3o \u00e9 o \u00fanico fator que contribui ou dificulta o desenvolvimento da tempestade.<\/p>\n<p>Por enquanto, a previs\u00e3o parece mais um inverno t\u00edpico. Enquanto esperamos ver mais algumas fotos frias em fevereiro, n\u00e3o esperamos que eles sejam t\u00e3o frequentes ou poderosos.<\/p>\n<p>Com a previs\u00e3o de longo alcance prevendo per\u00edodos secos prolongados, h\u00e1 uma amea\u00e7a mais alta de seca e inc\u00eandios florestais e temperaturas que s\u00e3o de 1 a 3 graus acima do normal.<\/p>\n<p>As chuvas s\u00e3o tipicamente de 10% a 30% abaixo do normal durante os invernos de La Ni\u00f1a.<\/p>\n<p>Copyright 2025 Storm Center<\/p>\n<\/div>\n<p><br \/>\n<br \/><a href=\"https:\/\/jaxtoday.org\/2025\/02\/03\/january-brought-record-cold-february-means-winter-heat\/\">Source link <\/a><\/p>","protected":false},"excerpt":{"rendered":"<p>Depois de dias e dias de temperatura fria recorde e queda de neve hist\u00f3rica, o clima da Fl\u00f3rida est\u00e1 (finalmente) de volta ao normal. O Panhandle&#8217;s As temperaturas continuar\u00e3o aumentando&hellip;<\/p>","protected":false},"author":1,"featured_media":98769,"comment_status":"closed","ping_status":"open","sticky":false,"template":"","format":"standard","meta":{"content-type":"","footnotes":""},"categories":[1],"tags":[1360,1267,1268],"class_list":["post-98768","post","type-post","status-publish","format-standard","has-post-thumbnail","hentry","category-uncategorized","tag-clima","tag-noticias","tag-noticias-do-estado"],"_links":{"self":[{"href":"https:\/\/tvbrazilusa.com\/pt\/wp-json\/wp\/v2\/posts\/98768","targetHints":{"allow":["GET"]}}],"collection":[{"href":"https:\/\/tvbrazilusa.com\/pt\/wp-json\/wp\/v2\/posts"}],"about":[{"href":"https:\/\/tvbrazilusa.com\/pt\/wp-json\/wp\/v2\/types\/post"}],"author":[{"embeddable":true,"href":"https:\/\/tvbrazilusa.com\/pt\/wp-json\/wp\/v2\/users\/1"}],"replies":[{"embeddable":true,"href":"https:\/\/tvbrazilusa.com\/pt\/wp-json\/wp\/v2\/comments?post=98768"}],"version-history":[{"count":1,"href":"https:\/\/tvbrazilusa.com\/pt\/wp-json\/wp\/v2\/posts\/98768\/revisions"}],"predecessor-version":[{"id":98770,"href":"https:\/\/tvbrazilusa.com\/pt\/wp-json\/wp\/v2\/posts\/98768\/revisions\/98770"}],"wp:featuredmedia":[{"embeddable":true,"href":"https:\/\/tvbrazilusa.com\/pt\/wp-json\/wp\/v2\/media\/98769"}],"wp:attachment":[{"href":"https:\/\/tvbrazilusa.com\/pt\/wp-json\/wp\/v2\/media?parent=98768"}],"wp:term":[{"taxonomy":"category","embeddable":true,"href":"https:\/\/tvbrazilusa.com\/pt\/wp-json\/wp\/v2\/categories?post=98768"},{"taxonomy":"post_tag","embeddable":true,"href":"https:\/\/tvbrazilusa.com\/pt\/wp-json\/wp\/v2\/tags?post=98768"}],"curies":[{"name":"wp","href":"https:\/\/api.w.org\/{rel}","templated":true}]}}