{"id":98786,"date":"2025-02-03T16:04:10","date_gmt":"2025-02-03T16:04:10","guid":{"rendered":"https:\/\/tvbrazilusa.com\/2025\/02\/03\/matriarca-de-familia-envenenada-no-pi-faz-nova-confissao-confira\/"},"modified":"2025-02-03T16:04:11","modified_gmt":"2025-02-03T16:04:11","slug":"matriarca-de-familia-envenenada-no-pi-faz-nova-confissao-confira","status":"publish","type":"post","link":"https:\/\/tvbrazilusa.com\/pt\/2025\/02\/03\/matriarca-de-familia-envenenada-no-pi-faz-nova-confissao-confira\/","title":{"rendered":"Matriarca de fam\u00edlia envenenada no PI faz nova confiss\u00e3o; CONFIRA"},"content":{"rendered":"<p> <script async src=\"https:\/\/pagead2.googlesyndication.com\/pagead\/js\/adsbygoogle.js?client=ca-pub-8864793242727901\"\r\n     crossorigin=\"anonymous\"><\/script><br \/>\n<\/p>\n<div id=\"taboola-read-more\" style=\"display:block; width:100%\">\n<p>Uma reviravolta no caso da fam\u00edlia envenenada ap\u00f3s comer um bai\u00e3o de dois em Parna\u00edba, no Piau\u00ed, ocorreu ap\u00f3s a matriarca Maria dos Aflitos ter sido presa na \u00faltima sexta-feira (31). Em um depoimento divulgado pelo Fant\u00e1stico, da TV Globo, neste domingo (2), a mulher confessou ter matado uma vizinha identificada como Maria Jocilene da Silva com caf\u00e9 envenenado.\n<\/p>\n<p>Maria dos Aflitos \u00e9 apontada como c\u00famplice do marido, Francisco de Assis Pereira da Costa, no envenenamento que levou \u00e0 morte de cinco pessoas de sua pr\u00f3pria fam\u00edlia. Francisco est\u00e1 preso desde o dia 8 de janeiro por envolvimento nas mortes de dois filhos e tr\u00eas netos da esposa.<\/p>\n<p>A suspeita da pol\u00edcia \u00e9 de que Maria dos Aflitos tenha matado a vizinha Maria Jocilene na tentativa de incriminar a mulher pelas mortes de seus familiares e, assim, livrar o marido, Francisco de Assis, da acusa\u00e7\u00e3o pelos homic\u00eddios.\n<\/p>\n<p>De acordo com o delegado do caso, Abimael Silva, Maria planejava que a morte de Jocilene, por envenenamento, parecesse um suic\u00eddio. O objetivo, ao final, era atribuir a ela a culpa por todos os outros crimes, o que poderia levar \u00e0 liberta\u00e7\u00e3o de Francisco de Assis.\n<\/p>\n<p>De acordo com a Pol\u00edcia Civil do Piau\u00ed, a motiva\u00e7\u00e3o para os crimes seria econ\u00f4mica, j\u00e1 que o contexto familiar era de muita pobreza. A casa onde o crime aconteceu abrigava 11 pessoas.\n<\/p>\n<p>SOBRE O CASO<br \/>Em agosto de 2024, dois netos de Maria dos Aflitos, Ulisses Gabriel e Jo\u00e3o Miguel Silva, foram envenenados. Jo\u00e3o Miguel morreu em 25 de agosto, enquanto Ulisses morreu em 10 de novembro. Inicialmente, Luc\u00e9lia Maria da Concei\u00e7\u00e3o Silva, uma vizinha da fam\u00edlia, foi acusada de ter cometido o crime por meio de cajus envenenados. Ela foi presa e teve a casa destru\u00edda por vizinhos.\n<\/p>\n<p>No entanto, com o transcorrer das investiga\u00e7\u00f5es, a pol\u00edcia apurou que Luc\u00e9lia n\u00e3o teve envolvimento nas mortes. Ela s\u00f3 deixou a pris\u00e3o no \u00faltimo dia 13 de janeiro. Atualmente, a suspeita da pol\u00edcia \u00e9 de que as duas crian\u00e7as tenham sido mortas por um suco de uva envenenado.\n<\/p>\n<p>Uma an\u00e1lise pericial feita cinco meses ap\u00f3s o crime apontou que os meninos mortos em agosto e novembro do ano passado foram envenenados com a mesma subst\u00e2ncia utilizada no bai\u00e3o, o que passou a colocar Francisco tamb\u00e9m como o principal suspeito de ter cometido os crimes ocorridos em 2024.\n<\/p>\n<p>J\u00e1 na virada do ano para 2025, outras cinco pessoas da fam\u00edlia de Maria foram envenenados e morreram, foram eles: Francisca Maria da Silva, de 32 anos (filha de Maria dos Aflitos); Manoel Leandro da Silva, de 18 anos (filho de Maria dos Aflitos); Maria Gabriela da Silva, de 4 anos (neta); Maria Lauane da Silva, de 3 anos (neta); e Igno Davi da Silva, de 1 ano e 8 meses (neto).\n<\/p>\n<p>Maria Jocilene, a vizinha que seria incriminada, tamb\u00e9m comeu a comida envenenada. Ela chegou a ser hospitalizada, teve alta, mas, ap\u00f3s uma nova visita na casa da fam\u00edlia, tomou um caf\u00e9 com pesticida e morreu no dia 24 de janeiro. Segundo a pol\u00edcia, Maria Jocilene e Maria dos Aflitos tinham uma rela\u00e7\u00e3o amorosa e a vizinha ajudava a fam\u00edlia como podia, at\u00e9 mesmo financeiramente.\n<\/p>\n<p>O desprezo e \u00f3dio de Francisco pelos enteados Francisca e Manoel s\u00e3o apontados como a principal motiva\u00e7\u00e3o. Em seus depoimentos, Francisco teria descrito Francisca com termos como \u201cboba\u201d, \u201cmatuta\u201d e \u201cin\u00fatil\u201d e chamou os filhos de sua esposa de \u201cprimatas\u201d. Francisco teria demonstrado raiva pela enteada at\u00e9 no leito de morte dela.\n<\/p>\n<p>Segundo o delegado, Francisco n\u00e3o escondia o desprezo por Francisca, mesmo quando ela j\u00e1 estava gravemente debilitada no hospital. Esse comportamento refor\u00e7a a hip\u00f3tese de um crime premeditado e motivado por sentimentos de raiva.<\/p>\n<p>Fonte: Pleno News              <\/p>\n<\/div>\n<p><br \/>\n<br \/><a href=\"https:\/\/diariodobrasilnoticias.com.br\/noticia\/matriarca-de-familia-envenenada-no-pi-faz-nova-confissao-confira-67a0cf4041aec\">Source link <\/a><\/p>","protected":false},"excerpt":{"rendered":"<p>Uma reviravolta no caso da fam\u00edlia envenenada ap\u00f3s comer um bai\u00e3o de dois em Parna\u00edba, no Piau\u00ed, ocorreu ap\u00f3s a matriarca Maria dos Aflitos ter sido presa na \u00faltima sexta-feira&hellip;<\/p>","protected":false},"author":1,"featured_media":98787,"comment_status":"closed","ping_status":"open","sticky":false,"template":"","format":"standard","meta":{"content-type":"","footnotes":""},"categories":[16],"tags":[123,2448,5313,1267],"class_list":["post-98786","post","type-post","status-publish","format-standard","has-post-thumbnail","hentry","category-noticias","tag-brasil","tag-diario","tag-noticia","tag-noticias"],"_links":{"self":[{"href":"https:\/\/tvbrazilusa.com\/pt\/wp-json\/wp\/v2\/posts\/98786","targetHints":{"allow":["GET"]}}],"collection":[{"href":"https:\/\/tvbrazilusa.com\/pt\/wp-json\/wp\/v2\/posts"}],"about":[{"href":"https:\/\/tvbrazilusa.com\/pt\/wp-json\/wp\/v2\/types\/post"}],"author":[{"embeddable":true,"href":"https:\/\/tvbrazilusa.com\/pt\/wp-json\/wp\/v2\/users\/1"}],"replies":[{"embeddable":true,"href":"https:\/\/tvbrazilusa.com\/pt\/wp-json\/wp\/v2\/comments?post=98786"}],"version-history":[{"count":1,"href":"https:\/\/tvbrazilusa.com\/pt\/wp-json\/wp\/v2\/posts\/98786\/revisions"}],"predecessor-version":[{"id":98788,"href":"https:\/\/tvbrazilusa.com\/pt\/wp-json\/wp\/v2\/posts\/98786\/revisions\/98788"}],"wp:featuredmedia":[{"embeddable":true,"href":"https:\/\/tvbrazilusa.com\/pt\/wp-json\/wp\/v2\/media\/98787"}],"wp:attachment":[{"href":"https:\/\/tvbrazilusa.com\/pt\/wp-json\/wp\/v2\/media?parent=98786"}],"wp:term":[{"taxonomy":"category","embeddable":true,"href":"https:\/\/tvbrazilusa.com\/pt\/wp-json\/wp\/v2\/categories?post=98786"},{"taxonomy":"post_tag","embeddable":true,"href":"https:\/\/tvbrazilusa.com\/pt\/wp-json\/wp\/v2\/tags?post=98786"}],"curies":[{"name":"wp","href":"https:\/\/api.w.org\/{rel}","templated":true}]}}