{"id":98789,"date":"2025-02-03T16:01:09","date_gmt":"2025-02-03T16:01:09","guid":{"rendered":"https:\/\/tvbrazilusa.com\/2025\/02\/03\/membro-do-servico-de-connecticut-concedido-purple-heart\/"},"modified":"2025-02-03T16:11:10","modified_gmt":"2025-02-03T16:11:10","slug":"membro-do-servico-de-connecticut-concedido-purple-heart","status":"publish","type":"post","link":"https:\/\/tvbrazilusa.com\/pt\/2025\/02\/03\/membro-do-servico-de-connecticut-concedido-purple-heart\/","title":{"rendered":"Membro do Servi\u00e7o de Connecticut concedido Purple Heart"},"content":{"rendered":"<script async src=\"https:\/\/pagead2.googlesyndication.com\/pagead\/js\/adsbygoogle.js?client=ca-pub-8864793242727901\"\r\n     crossorigin=\"anonymous\"><\/script>\n<p>HARTFORD, Connecticut (WTNH) &#8211; Um membro do servi\u00e7o de Connecticut est\u00e1 recebendo uma honra muito atrasada. Na segunda-feira, o senador Richard Blumenthal (D-Conn.) Concedeu o cora\u00e7\u00e3o roxo ao primeiro sargento da For\u00e7a A\u00e9rea. Adam Jackson, que foi ferido no Afeganist\u00e3o h\u00e1 mais de 16 anos. Na \u00e9poca, ele estava no ex\u00e9rcito.<\/p>\n<p>Era junho de 2008, e a unidade de Jackson estava patrulhando, procurando extrair o Taliban. Funcionou. O Talib\u00e3 os emboscou.<\/p>\n<p>&#8220;Um golpe de balas atravessou a estrada e eu lembro que tudo parecia desacelerar&#8221;, lembrou Jackson. &#8220;Nos primeiros cinco a 10 minutos, foi um caos absoluto. Eram rpgs zumbindo no alto, centenas de balas zunindo pelos caminh\u00f5es&#8221;.<\/p>\n<p>Ele estava em um Humvee, organizando uma metralhadora de 50 calibres. Ele continuou atirando, neutralizando os combatentes inimigos, mesmo quando uma granada de foguetes bateu em outro dos tr\u00eas ve\u00edculos em seu comboio. Ele at\u00e9 continuou atirando depois de ser atingido por estilha\u00e7os.<\/p>\n<div class=\"nlp-ignore-block article-content rich-text\">\n<aside class=\"promo-link\">\n\t<a href=\"https:\/\/www.wtnh.com\/news\/connecticut\/purple-heart-given-to-family-of-world-war-i-soldier-from-torrington\/?ipid=promo-link-block1\" class=\"promo-link__link\"><\/p>\n<p>\t\tCora\u00e7\u00e3o roxo dado \u00e0 fam\u00edlia do soldado da Primeira Guerra Mundial de Torrington\t<\/a><br \/>\n<\/aside>\n<\/div>\n<p>&#8220;Uma bala bateu no meu caminh\u00e3o ou bateu na minha arma e criou fragmentos de bala que me atingiram nas m\u00e3os&#8221;, disse Jackson. &#8220;Eu estava usando luvas, ent\u00e3o eu nem sabia.&#8221;<\/p>\n<p>Todos esses anos depois, ele agora \u00e9 um primeiro sargento da For\u00e7a A\u00e9rea e casado com o meteorologista do News 8 Ashley Baylor, que o incentivou a se candidatar \u00e0 medalha que voc\u00ea recebe por se machucar em combate, o cora\u00e7\u00e3o roxo.<\/p>\n<p>Quando voc\u00ea est\u00e1 em uma zona de guerra ativa, h\u00e1 assuntos muito mais prementes do que solicitar medalhas, e a papelada de Jackson nunca foi arquivada corretamente ou se perdeu em algum lugar. Mas, ao longo dos anos, parecia mais importante para ele, especialmente depois que ele se casou com Ashley e ganhou um bom advogado.<\/p>\n<p>A princ\u00edpio, disseram que as regras haviam mudado e estilha\u00e7os em suas m\u00e3os n\u00e3o atendiam mais aos crit\u00e9rios.<\/p>\n<p>&#8220;Quando ele foi negado pela primeira vez porque eles sentiram que seus ferimentos n\u00e3o eram graves o suficiente, eu disse: &#8216;Isso n\u00e3o \u00e9 bom o suficiente&#8217;, disse Baylor.&#8221; Se voc\u00ea se machuca de uma maneira espec\u00edfica quando est\u00e1 implantado, merece aquele cora\u00e7\u00e3o roxo. &#8220;<\/p>\n<p>Ent\u00e3o ela pediu ajuda a Blumenthal. Dentro de algumas semanas, ele conseguiu o Departamento de Defesa para mudar de id\u00e9ia.<\/p>\n<p>&#8220;Seu servi\u00e7o e sacrif\u00edcio por este pa\u00eds realmente deveriam ter sido reconhecidos e reconhecidos sem ter que intervir, mas est\u00e1vamos orgulhosos e apaixonados em faz\u00ea -lo&#8221;, disse Blumenthal.<\/p>\n<p>Para Baylor, a medalha \u00e9 mais do que a les\u00e3o.<\/p>\n<div class=\"nlp-ignore-block article-content rich-text\">\n<aside class=\"promo-link\">\n\t<a href=\"https:\/\/www.wtnh.com\/news\/business\/ap-business\/ap-what-are-tariffs-and-how-do-they-work\/?ipid=promo-link-block2\" class=\"promo-link__link\"><\/p>\n<p>\t\tO que s\u00e3o tarifas e como eles funcionam?\t<\/a><br \/>\n<\/aside>\n<\/div>\n<p>&#8220;Sendo destacado para o Afeganist\u00e3o, os efeitos que os po\u00e7os de queimadura tiveram sobre ele, o efeito que o TEPT teve sobre ele&#8221;, explicou ela. &#8220;\u00c9 muito mais profundo do que o que \u00e9 vis\u00edvel do lado de fora&#8221;.<\/p>\n<p>Pois, \u00e9 outro motivo para continuar servindo seu pa\u00eds.<\/p>\n<p>&#8220;\u00c9 um sentimento de orgulho e um compromisso de manter a liberdade livre&#8221;, disse ele.<\/p>\n<p>Incluindo o compromisso de continuar lutando at\u00e9 ferido e sob fogo.<\/p>\n<p><br \/>\n<br \/><a href=\"https:\/\/www.wtnh.com\/news\/connecticut\/connecticut-service-member-awarded-purple-heart\/\">Source link <\/a><\/p>","protected":false},"excerpt":{"rendered":"<p>HARTFORD, Connecticut (WTNH) &#8211; Um membro do servi\u00e7o de Connecticut est\u00e1 recebendo uma honra muito atrasada. Na segunda-feira, o senador Richard Blumenthal (D-Conn.) Concedeu o cora\u00e7\u00e3o roxo ao primeiro sargento&hellip;<\/p>","protected":false},"author":1,"featured_media":98790,"comment_status":"closed","ping_status":"open","sticky":false,"template":"","format":"standard","meta":{"content-type":"","footnotes":""},"categories":[1],"tags":[],"class_list":["post-98789","post","type-post","status-publish","format-standard","has-post-thumbnail","hentry","category-uncategorized"],"_links":{"self":[{"href":"https:\/\/tvbrazilusa.com\/pt\/wp-json\/wp\/v2\/posts\/98789","targetHints":{"allow":["GET"]}}],"collection":[{"href":"https:\/\/tvbrazilusa.com\/pt\/wp-json\/wp\/v2\/posts"}],"about":[{"href":"https:\/\/tvbrazilusa.com\/pt\/wp-json\/wp\/v2\/types\/post"}],"author":[{"embeddable":true,"href":"https:\/\/tvbrazilusa.com\/pt\/wp-json\/wp\/v2\/users\/1"}],"replies":[{"embeddable":true,"href":"https:\/\/tvbrazilusa.com\/pt\/wp-json\/wp\/v2\/comments?post=98789"}],"version-history":[{"count":1,"href":"https:\/\/tvbrazilusa.com\/pt\/wp-json\/wp\/v2\/posts\/98789\/revisions"}],"predecessor-version":[{"id":98791,"href":"https:\/\/tvbrazilusa.com\/pt\/wp-json\/wp\/v2\/posts\/98789\/revisions\/98791"}],"wp:featuredmedia":[{"embeddable":true,"href":"https:\/\/tvbrazilusa.com\/pt\/wp-json\/wp\/v2\/media\/98790"}],"wp:attachment":[{"href":"https:\/\/tvbrazilusa.com\/pt\/wp-json\/wp\/v2\/media?parent=98789"}],"wp:term":[{"taxonomy":"category","embeddable":true,"href":"https:\/\/tvbrazilusa.com\/pt\/wp-json\/wp\/v2\/categories?post=98789"},{"taxonomy":"post_tag","embeddable":true,"href":"https:\/\/tvbrazilusa.com\/pt\/wp-json\/wp\/v2\/tags?post=98789"}],"curies":[{"name":"wp","href":"https:\/\/api.w.org\/{rel}","templated":true}]}}