{"id":98792,"date":"2025-02-03T16:17:17","date_gmt":"2025-02-03T16:17:17","guid":{"rendered":"https:\/\/tvbrazilusa.com\/2025\/02\/03\/ponte-que-desabou-entre-maranhao-e-tocantins-e-implodida-veja-video\/"},"modified":"2025-02-03T16:17:19","modified_gmt":"2025-02-03T16:17:19","slug":"ponte-que-desabou-entre-maranhao-e-tocantins-e-implodida-veja-video","status":"publish","type":"post","link":"https:\/\/tvbrazilusa.com\/pt\/2025\/02\/03\/ponte-que-desabou-entre-maranhao-e-tocantins-e-implodida-veja-video\/","title":{"rendered":"Ponte que desabou entre Maranh\u00e3o e Tocantins \u00e9 implodida; VEJA V\u00cdDEO"},"content":{"rendered":"<p> <script async src=\"https:\/\/pagead2.googlesyndication.com\/pagead\/js\/adsbygoogle.js?client=ca-pub-8864793242727901\"\r\n     crossorigin=\"anonymous\"><\/script><br \/>\n<\/p>\n<div id=\"taboola-read-more\" style=\"display:block; width:100%\">\n<p>A estrutura remanescente da Ponte Juscelino Kubitschek de Oliveira, que desabou na BR-226, entre os Estados de Maranh\u00e3o e Tocantins, foi demolida \u00e0s 14 horas do \u00faltimo domingo, 2. O acesso conectava as cidades de Aguiarn\u00f3polis, no Tocantins, e Estreito, no Maranh\u00e3o.\n<\/p>\n<p>De acordo com o Departamento Nacional de Infraestrutura de Transportes (Dnit), a opera\u00e7\u00e3o de implos\u00e3o foi bem-sucedida. A a\u00e7\u00e3o foi necess\u00e1ria por causa da significativa instabilidade dos pilares que restavam da ponte.<\/p>\n<p>Veja imagens da demoli\u00e7\u00e3o do que restou da Ponte Juscelino Kubitschek de Oliveira:\n<\/p>\n<p>Foram necess\u00e1rios para a implos\u00e3o mais de 200 kg de explosivos. O processo levou \u00e0 evacua\u00e7\u00e3o tempor\u00e1ria de aproximadamente 250 moradores da \u00e1rea. Depois da opera\u00e7\u00e3o, os residentes puderam retornar \u00e0s suas casas sem relatos de danos nem incidentes adicionais. O Dnit agora se prepara para remover cerca de 6 mil metros c\u00fabicos de entulho resultantes do colapso da ponte.\n<\/p>\n<p>Fonte: Revista Oeste              <\/p>\n<\/div>\n<p><br \/>\n<br \/><a href=\"https:\/\/diariodobrasilnoticias.com.br\/noticia\/ponte-que-desabou-entre-maranhao-e-tocantins-e-implodida-veja-video-67a0d0f69fdfb\">Source link <\/a><\/p>","protected":false},"excerpt":{"rendered":"<p>A estrutura remanescente da Ponte Juscelino Kubitschek de Oliveira, que desabou na BR-226, entre os Estados de Maranh\u00e3o e Tocantins, foi demolida \u00e0s 14 horas do \u00faltimo domingo, 2. O&hellip;<\/p>","protected":false},"author":1,"featured_media":98793,"comment_status":"closed","ping_status":"open","sticky":false,"template":"","format":"standard","meta":{"content-type":"","footnotes":""},"categories":[16],"tags":[123,2448,5313,1267],"class_list":["post-98792","post","type-post","status-publish","format-standard","has-post-thumbnail","hentry","category-noticias","tag-brasil","tag-diario","tag-noticia","tag-noticias"],"_links":{"self":[{"href":"https:\/\/tvbrazilusa.com\/pt\/wp-json\/wp\/v2\/posts\/98792","targetHints":{"allow":["GET"]}}],"collection":[{"href":"https:\/\/tvbrazilusa.com\/pt\/wp-json\/wp\/v2\/posts"}],"about":[{"href":"https:\/\/tvbrazilusa.com\/pt\/wp-json\/wp\/v2\/types\/post"}],"author":[{"embeddable":true,"href":"https:\/\/tvbrazilusa.com\/pt\/wp-json\/wp\/v2\/users\/1"}],"replies":[{"embeddable":true,"href":"https:\/\/tvbrazilusa.com\/pt\/wp-json\/wp\/v2\/comments?post=98792"}],"version-history":[{"count":1,"href":"https:\/\/tvbrazilusa.com\/pt\/wp-json\/wp\/v2\/posts\/98792\/revisions"}],"predecessor-version":[{"id":98794,"href":"https:\/\/tvbrazilusa.com\/pt\/wp-json\/wp\/v2\/posts\/98792\/revisions\/98794"}],"wp:featuredmedia":[{"embeddable":true,"href":"https:\/\/tvbrazilusa.com\/pt\/wp-json\/wp\/v2\/media\/98793"}],"wp:attachment":[{"href":"https:\/\/tvbrazilusa.com\/pt\/wp-json\/wp\/v2\/media?parent=98792"}],"wp:term":[{"taxonomy":"category","embeddable":true,"href":"https:\/\/tvbrazilusa.com\/pt\/wp-json\/wp\/v2\/categories?post=98792"},{"taxonomy":"post_tag","embeddable":true,"href":"https:\/\/tvbrazilusa.com\/pt\/wp-json\/wp\/v2\/tags?post=98792"}],"curies":[{"name":"wp","href":"https:\/\/api.w.org\/{rel}","templated":true}]}}