{"id":98839,"date":"2025-02-03T18:23:00","date_gmt":"2025-02-03T18:23:00","guid":{"rendered":"https:\/\/tvbrazilusa.com\/2025\/02\/03\/morre-a-ex-deputada-federal-e-distrital-eurides-brito-aos-87-anos\/"},"modified":"2025-02-03T18:23:03","modified_gmt":"2025-02-03T18:23:03","slug":"morre-a-ex-deputada-federal-e-distrital-eurides-brito-aos-87-anos","status":"publish","type":"post","link":"https:\/\/tvbrazilusa.com\/pt\/2025\/02\/03\/morre-a-ex-deputada-federal-e-distrital-eurides-brito-aos-87-anos\/","title":{"rendered":"Morre a ex-deputada federal e distrital Eurides Brito, aos 87 anos"},"content":{"rendered":"<p> <script async src=\"https:\/\/pagead2.googlesyndication.com\/pagead\/js\/adsbygoogle.js?client=ca-pub-8864793242727901\"\r\n     crossorigin=\"anonymous\"><\/script><br \/>\n<\/p>\n<div id=\"taboola-read-more\" style=\"display:block; width:100%\">\n<p>A ex-deputada federal, ex-deputada distrital e ex-secret\u00e1ria de Educa\u00e7\u00e3o do Distrito Federal Eurides Brito morreu nesta segunda-feira (3\/2), aos 87 anos. Natural de Capanema (PA), a pol\u00edtica teve uma trajet\u00f3ria marcante na capital do pa\u00eds.\n<\/p>\n<p>At\u00e9 a mais recente atualiza\u00e7\u00e3o desta reportagem, a causa da morte n\u00e3o havia sido revelada. O vel\u00f3rio de Eurides est\u00e1 marcado para come\u00e7ar \u00e0s 19h, no Centro de Conven\u00e7\u00f5es Ulysses Guimar\u00e3es, em Bras\u00edlia (DF).<\/p>\n<p>Formada em pedagogia, hist\u00f3ria e geografia pela Universidade Federal do Par\u00e1 (UFPA), a pol\u00edtica iniciou na vida p\u00fablica como educadora.\n<\/p>\n<p>Durante a carreira, ocupou cargos de destaque na \u00e1rea educacional, como diretora do Instituto Gr\u00e3o-Par\u00e1 e secret\u00e1ria de Educa\u00e7\u00e3o no governo de Jarbas Passarinho, tamb\u00e9m no estado da regi\u00e3o Norte do pa\u00eds.\n<\/p>\n<p>No governo federal, Eurides dirigiu o Departamento de Ensino Fundamental do Minist\u00e9rio da Educa\u00e7\u00e3o (MEC) e integrou o Conselho Nacional de Educa\u00e7\u00e3o.\n<\/p>\n<p>Nos anos 1970, tornou-se professora da Universidade de Bras\u00edlia (UnB), onde tamb\u00e9m atuou como vice-diretora da Faculdade de Educa\u00e7\u00e3o (FE).\n<\/p>\n<p>Ainda no Distrito Federal, comandou a Secretaria de Educa\u00e7\u00e3o (SEEDF) durante diferentes gest\u00f5es do Pal\u00e1cio do Buriti.\n<\/p>\n<p>A vida pol\u00edtica incluiu a elei\u00e7\u00e3o \u00e0 C\u00e2mara dos Deputados pelo Distrito Federal (1991-1993) e \u00e0 C\u00e2mara Legislativa (1999-2007), o que a transformou em uma figura influente no Legislativo local.\n<\/p>\n<p>Fonte: Metr\u00f3poles              <\/p>\n<\/div>\n<p><br \/>\n<br \/><a href=\"https:\/\/diariodobrasilnoticias.com.br\/noticia\/morre-a-ex-deputada-federal-e-distrital-eurides-brito-aos-87-anos-67a0e2e0a282f\">Source link <\/a><\/p>","protected":false},"excerpt":{"rendered":"<p>A ex-deputada federal, ex-deputada distrital e ex-secret\u00e1ria de Educa\u00e7\u00e3o do Distrito Federal Eurides Brito morreu nesta segunda-feira (3\/2), aos 87 anos. Natural de Capanema (PA), a pol\u00edtica teve uma trajet\u00f3ria&hellip;<\/p>","protected":false},"author":1,"featured_media":98840,"comment_status":"closed","ping_status":"open","sticky":false,"template":"","format":"standard","meta":{"content-type":"","footnotes":""},"categories":[16],"tags":[123,2448,5313,1267],"class_list":["post-98839","post","type-post","status-publish","format-standard","has-post-thumbnail","hentry","category-noticias","tag-brasil","tag-diario","tag-noticia","tag-noticias"],"_links":{"self":[{"href":"https:\/\/tvbrazilusa.com\/pt\/wp-json\/wp\/v2\/posts\/98839","targetHints":{"allow":["GET"]}}],"collection":[{"href":"https:\/\/tvbrazilusa.com\/pt\/wp-json\/wp\/v2\/posts"}],"about":[{"href":"https:\/\/tvbrazilusa.com\/pt\/wp-json\/wp\/v2\/types\/post"}],"author":[{"embeddable":true,"href":"https:\/\/tvbrazilusa.com\/pt\/wp-json\/wp\/v2\/users\/1"}],"replies":[{"embeddable":true,"href":"https:\/\/tvbrazilusa.com\/pt\/wp-json\/wp\/v2\/comments?post=98839"}],"version-history":[{"count":1,"href":"https:\/\/tvbrazilusa.com\/pt\/wp-json\/wp\/v2\/posts\/98839\/revisions"}],"predecessor-version":[{"id":98841,"href":"https:\/\/tvbrazilusa.com\/pt\/wp-json\/wp\/v2\/posts\/98839\/revisions\/98841"}],"wp:featuredmedia":[{"embeddable":true,"href":"https:\/\/tvbrazilusa.com\/pt\/wp-json\/wp\/v2\/media\/98840"}],"wp:attachment":[{"href":"https:\/\/tvbrazilusa.com\/pt\/wp-json\/wp\/v2\/media?parent=98839"}],"wp:term":[{"taxonomy":"category","embeddable":true,"href":"https:\/\/tvbrazilusa.com\/pt\/wp-json\/wp\/v2\/categories?post=98839"},{"taxonomy":"post_tag","embeddable":true,"href":"https:\/\/tvbrazilusa.com\/pt\/wp-json\/wp\/v2\/tags?post=98839"}],"curies":[{"name":"wp","href":"https:\/\/api.w.org\/{rel}","templated":true}]}}