{"id":98842,"date":"2025-02-03T18:34:21","date_gmt":"2025-02-03T18:34:21","guid":{"rendered":"https:\/\/tvbrazilusa.com\/2025\/02\/03\/a-amazonia-e-tomada-por-faccoes-que-a-transformam-em-um-trajeto-do-crime-organizado\/"},"modified":"2025-02-03T18:34:23","modified_gmt":"2025-02-03T18:34:23","slug":"a-amazonia-e-tomada-por-faccoes-que-a-transformam-em-um-trajeto-do-crime-organizado","status":"publish","type":"post","link":"https:\/\/tvbrazilusa.com\/pt\/2025\/02\/03\/a-amazonia-e-tomada-por-faccoes-que-a-transformam-em-um-trajeto-do-crime-organizado\/","title":{"rendered":"A Amaz\u00f4nia \u00e9 tomada por fac\u00e7\u00f5es, que a transformam em um trajeto do crime organizado"},"content":{"rendered":"<p> <script async src=\"https:\/\/pagead2.googlesyndication.com\/pagead\/js\/adsbygoogle.js?client=ca-pub-8864793242727901\"\r\n     crossorigin=\"anonymous\"><\/script><br \/>\n<\/p>\n<div id=\"taboola-read-more\" style=\"display:block; width:100%\">\n<p>A Amaz\u00f4nia se tornou um territ\u00f3rio cada vez mais disputado pelo crime organizado, com fac\u00e7\u00f5es como Comando Vermelho (CV) e Primeiro Comando da Capital (PCC) infiltrando-se no garimpo ilegal, no tr\u00e1fico de drogas e no desmatamento.<\/p>\n<p>O dano dessa expans\u00e3o criminosa j\u00e1 \u00e9 sentido, com o aumento da viol\u00eancia e da degrada\u00e7\u00e3o ambiental na regi\u00e3o. Em 2023, a Amaz\u00f4nia Legal registrou mais de 8 mil mortes violentas, um aumento de 41,5% em rela\u00e7\u00e3o \u00e0 m\u00e9dia nacional.<\/p>\n<p>A presen\u00e7a das fac\u00e7\u00f5es se expande rapidamente: de 772 munic\u00edpios da regi\u00e3o, 260 j\u00e1 confirmaram a atua\u00e7\u00e3o de grupos criminosos. O Comando Vermelho, com origem no Rio de Janeiro, domina 130 munic\u00edpios, especialmente em \u00e1reas de fronteira com a Bol\u00edvia, Peru e Col\u00f4mbia, enquanto o PCC controla outros 28.<\/p>\n<p>Renato Madsen, coordenador-geral de Prote\u00e7\u00e3o da Amaz\u00f4nia na Pol\u00edcia Federal (PF), afirmou em entrevista ao portal Metr\u00f3poles que a for\u00e7a-tarefa da PF est\u00e1 focada em evitar que a regi\u00e3o se torne uma nova \u201crota do crime organizado\u201d, onde a viol\u00eancia e a corrup\u00e7\u00e3o crescem paralelamente \u00e0 destrui\u00e7\u00e3o ambiental.<\/p>\n<p>A infiltra\u00e7\u00e3o das fac\u00e7\u00f5es impulsiona ainda outras redes criminosas, como o tr\u00e1fico de coca\u00edna, maconha, armas e at\u00e9 de pessoas.<\/p>\n<p>Madsen externou que uma das maiores preocupa\u00e7\u00f5es da PF \u00e9 evitar que essas fac\u00e7\u00f5es criminosas se envolvam diretamente em crimes ambientais.<\/p>\n<p>Fonte: Conex\u00e3o Pol\u00edtica<\/p>\n<\/p><\/div>\n<p><br \/>\n<br \/><a href=\"https:\/\/diariodobrasilnoticias.com.br\/noticia\/a-amazonia-e-tomada-por-faccoes-que-a-transformam-em-um-trajeto-do-crime-organizado-67a0e4cc9cba2\">Source link <\/a><\/p>","protected":false},"excerpt":{"rendered":"<p>A Amaz\u00f4nia se tornou um territ\u00f3rio cada vez mais disputado pelo crime organizado, com fac\u00e7\u00f5es como Comando Vermelho (CV) e Primeiro Comando da Capital (PCC) infiltrando-se no garimpo ilegal, no&hellip;<\/p>","protected":false},"author":1,"featured_media":98843,"comment_status":"closed","ping_status":"open","sticky":false,"template":"","format":"standard","meta":{"content-type":"","footnotes":""},"categories":[16],"tags":[123,2448,5313,1267],"class_list":["post-98842","post","type-post","status-publish","format-standard","has-post-thumbnail","hentry","category-noticias","tag-brasil","tag-diario","tag-noticia","tag-noticias"],"_links":{"self":[{"href":"https:\/\/tvbrazilusa.com\/pt\/wp-json\/wp\/v2\/posts\/98842","targetHints":{"allow":["GET"]}}],"collection":[{"href":"https:\/\/tvbrazilusa.com\/pt\/wp-json\/wp\/v2\/posts"}],"about":[{"href":"https:\/\/tvbrazilusa.com\/pt\/wp-json\/wp\/v2\/types\/post"}],"author":[{"embeddable":true,"href":"https:\/\/tvbrazilusa.com\/pt\/wp-json\/wp\/v2\/users\/1"}],"replies":[{"embeddable":true,"href":"https:\/\/tvbrazilusa.com\/pt\/wp-json\/wp\/v2\/comments?post=98842"}],"version-history":[{"count":1,"href":"https:\/\/tvbrazilusa.com\/pt\/wp-json\/wp\/v2\/posts\/98842\/revisions"}],"predecessor-version":[{"id":98844,"href":"https:\/\/tvbrazilusa.com\/pt\/wp-json\/wp\/v2\/posts\/98842\/revisions\/98844"}],"wp:featuredmedia":[{"embeddable":true,"href":"https:\/\/tvbrazilusa.com\/pt\/wp-json\/wp\/v2\/media\/98843"}],"wp:attachment":[{"href":"https:\/\/tvbrazilusa.com\/pt\/wp-json\/wp\/v2\/media?parent=98842"}],"wp:term":[{"taxonomy":"category","embeddable":true,"href":"https:\/\/tvbrazilusa.com\/pt\/wp-json\/wp\/v2\/categories?post=98842"},{"taxonomy":"post_tag","embeddable":true,"href":"https:\/\/tvbrazilusa.com\/pt\/wp-json\/wp\/v2\/tags?post=98842"}],"curies":[{"name":"wp","href":"https:\/\/api.w.org\/{rel}","templated":true}]}}