{"id":98871,"date":"2025-02-03T19:59:12","date_gmt":"2025-02-03T19:59:12","guid":{"rendered":"https:\/\/tvbrazilusa.com\/2025\/02\/03\/janja-sob-pressao-divulga-sua-agenda-e-abandona-o-sigilo\/"},"modified":"2025-02-03T19:59:13","modified_gmt":"2025-02-03T19:59:13","slug":"janja-sob-pressao-divulga-sua-agenda-e-abandona-o-sigilo","status":"publish","type":"post","link":"https:\/\/tvbrazilusa.com\/pt\/2025\/02\/03\/janja-sob-pressao-divulga-sua-agenda-e-abandona-o-sigilo\/","title":{"rendered":"Janja, sob press\u00e3o, divulga sua agenda e abandona o sigilo"},"content":{"rendered":"<p> <script async src=\"https:\/\/pagead2.googlesyndication.com\/pagead\/js\/adsbygoogle.js?client=ca-pub-8864793242727901\"\r\n     crossorigin=\"anonymous\"><\/script><br \/>\n<\/p>\n<div id=\"taboola-read-more\" style=\"display:block; width:100%\">\n<p>Ap\u00f3s ser amplamente criticada por manter seus compromissos sob sigilo, a primeira-dama Janja da Silva divulgou, de maneira in\u00e9dita, sua agenda do dia, nesta segunda-feira (3).\n<\/p>\n<p>Em seu perfil no Instagram, na modalidade de publica\u00e7\u00e3o tempor\u00e1ria, que fica no ar por 24 horas, a esposa do presidente Lula exp\u00f4s as duas atividades desta segunda-feira.<\/p>\n<p>Na esteira da repercuss\u00e3o negativa acerca do sigilo dos compromissos de Janja, a deputada federal Rosangela Moro (Uni\u00e3o Brasil-SP) anunciou que apresentar\u00e1 uma proposta para alterar a Lei de Acesso \u00e0 Informa\u00e7\u00e3o (LAI), para que o sigilo dos gastos e, tamb\u00e9m, a agenda de Janja fossem de conhecimento p\u00fablico.\n<\/p>\n<p>A parlamentar observa que a primeira-dama \u00e9 uma pessoa p\u00fablica e, por esta raz\u00e3o, tem de prestar contas, assim como fazem os demais membros que comp\u00f5em a administra\u00e7\u00e3o p\u00fablica.\n<\/p>\n<p>AGENDA P\u00daBLICA DE JANJA<br \/>A iniciativa de Janja de dar publicidade aos seus compromissos teria partido dela e n\u00e3o do novo chefe da Secretaria de Comunica\u00e7\u00e3o Social da Presid\u00eancia (Secom), Sid\u00f4nio Palmeira. A estrat\u00e9gia de ceder \u00e0s cr\u00edticas e divulgar sua agenda seria uma forma de repelir mais cr\u00edticas ao j\u00e1 desgastado governo Lula (PT).\n<\/p>\n<p>A ONG Transpar\u00eancia Internacional Brasil, recentemente, condenou a omiss\u00e3o das informa\u00e7\u00f5es sobre a primeira-dama.\n<\/p>\n<p>\u2013 O fato disso estar acontecendo sem as formaliza\u00e7\u00f5es necess\u00e1rias n\u00e3o pode ser justificativa para desrespeitar o princ\u00edpio da publicidade da administra\u00e7\u00e3o p\u00fablica, a Lei de Acesso \u00e0 Informa\u00e7\u00e3o e a lei de conflitos de interesses. Ao contr\u00e1rio, a informalidade agrava a situa\u00e7\u00e3o \u2013 declarou Bruno Brand\u00e3o, diretor-executivo da institui\u00e7\u00e3o, em seu perfil na rede social X.\n<\/p>\n<p>Fonte: Pleno News              <\/p>\n<\/div>\n<p><br \/>\n<br \/><a href=\"https:\/\/diariodobrasilnoticias.com.br\/noticia\/janja-sob-pressao-divulga-sua-agenda-e-abandona-o-sigilo-67a11161025db\">Source link <\/a><\/p>","protected":false},"excerpt":{"rendered":"<p>Ap\u00f3s ser amplamente criticada por manter seus compromissos sob sigilo, a primeira-dama Janja da Silva divulgou, de maneira in\u00e9dita, sua agenda do dia, nesta segunda-feira (3). Em seu perfil no&hellip;<\/p>","protected":false},"author":1,"featured_media":98872,"comment_status":"closed","ping_status":"open","sticky":false,"template":"","format":"standard","meta":{"content-type":"","footnotes":""},"categories":[16],"tags":[123,2448,5313,1267],"class_list":["post-98871","post","type-post","status-publish","format-standard","has-post-thumbnail","hentry","category-noticias","tag-brasil","tag-diario","tag-noticia","tag-noticias"],"_links":{"self":[{"href":"https:\/\/tvbrazilusa.com\/pt\/wp-json\/wp\/v2\/posts\/98871","targetHints":{"allow":["GET"]}}],"collection":[{"href":"https:\/\/tvbrazilusa.com\/pt\/wp-json\/wp\/v2\/posts"}],"about":[{"href":"https:\/\/tvbrazilusa.com\/pt\/wp-json\/wp\/v2\/types\/post"}],"author":[{"embeddable":true,"href":"https:\/\/tvbrazilusa.com\/pt\/wp-json\/wp\/v2\/users\/1"}],"replies":[{"embeddable":true,"href":"https:\/\/tvbrazilusa.com\/pt\/wp-json\/wp\/v2\/comments?post=98871"}],"version-history":[{"count":1,"href":"https:\/\/tvbrazilusa.com\/pt\/wp-json\/wp\/v2\/posts\/98871\/revisions"}],"predecessor-version":[{"id":98873,"href":"https:\/\/tvbrazilusa.com\/pt\/wp-json\/wp\/v2\/posts\/98871\/revisions\/98873"}],"wp:featuredmedia":[{"embeddable":true,"href":"https:\/\/tvbrazilusa.com\/pt\/wp-json\/wp\/v2\/media\/98872"}],"wp:attachment":[{"href":"https:\/\/tvbrazilusa.com\/pt\/wp-json\/wp\/v2\/media?parent=98871"}],"wp:term":[{"taxonomy":"category","embeddable":true,"href":"https:\/\/tvbrazilusa.com\/pt\/wp-json\/wp\/v2\/categories?post=98871"},{"taxonomy":"post_tag","embeddable":true,"href":"https:\/\/tvbrazilusa.com\/pt\/wp-json\/wp\/v2\/tags?post=98871"}],"curies":[{"name":"wp","href":"https:\/\/api.w.org\/{rel}","templated":true}]}}