{"id":98874,"date":"2025-02-03T20:13:45","date_gmt":"2025-02-03T20:13:45","guid":{"rendered":"https:\/\/tvbrazilusa.com\/2025\/02\/03\/a-presidente-do-mexico-ligou-para-trump-e-conseguiu-uma-tregua-de-30-dias-nas-taxacoes-sobre-o-pais\/"},"modified":"2025-02-03T20:13:48","modified_gmt":"2025-02-03T20:13:48","slug":"a-presidente-do-mexico-ligou-para-trump-e-conseguiu-uma-tregua-de-30-dias-nas-taxacoes-sobre-o-pais","status":"publish","type":"post","link":"https:\/\/tvbrazilusa.com\/pt\/2025\/02\/03\/a-presidente-do-mexico-ligou-para-trump-e-conseguiu-uma-tregua-de-30-dias-nas-taxacoes-sobre-o-pais\/","title":{"rendered":"A presidente do M\u00e9xico ligou para Trump e conseguiu uma tr\u00e9gua de 30 dias nas taxa\u00e7\u00f5es sobre o pa\u00eds"},"content":{"rendered":"<p> <script async src=\"https:\/\/pagead2.googlesyndication.com\/pagead\/js\/adsbygoogle.js?client=ca-pub-8864793242727901\"\r\n     crossorigin=\"anonymous\"><\/script><br \/>\n<\/p>\n<div id=\"taboola-read-more\" style=\"display:block; width:100%\">\n<p>A presidente do M\u00e9xico, Claudia Sheinbaum, afirmou nesta segunda-feira (3) que as tarifas impostas pelos Estados Unidos aos produtos importados do pa\u00eds ter\u00e3o pausa de um m\u00eas a partir de hoje.\n<\/p>\n<p>A l\u00edder do pa\u00eds conversou com o republicano nesta manh\u00e3, ap\u00f3s os EUA oficializarem durante o fim de semana a taxa\u00e7\u00e3o de 25% para itens mexicanos e canadenses, al\u00e9m de tarifas de 10% aos produtos da China.<\/p>\n<p>A medida entraria em vigor nesta ter\u00e7a-feira (4).\n<\/p>\n<p>A suspens\u00e3o ocorre ap\u00f3s o governo mexicano afirmar que vai trabalhar em conjunto com autoridades dos EUA em pautas de seguran\u00e7a e com\u00e9rcio.\n<\/p>\n<p>Em pronunciamento na manh\u00e3 desta segunda, Sheinbaum afirmou que o pa\u00eds vai mandar imediatamente 10 mil membros da guarda nacional para refor\u00e7ar o controle da fronteira.\n<\/p>\n<p>Trump justificou a entrada de drogas e imigrantes ilegais aos EUA pela fronteira ao sul como um dos motivos para a taxa\u00e7\u00e3o de importa\u00e7\u00f5es do M\u00e9xico.\n<\/p>\n<p>Em postagem na sua rede social, a Truth Social, Trump classificou a conversa como \u201camig\u00e1vel\u201d.\n<\/p>\n<p>\u201cConcordamos ainda em suspender imediatamente as tarifas previstas por um per\u00edodo de um m\u00eas, durante o qual teremos negocia\u00e7\u00f5es lideradas pelo Secret\u00e1rio de Estado Marco Rubio, pelo Secret\u00e1rio do Tesouro, Scott Bessent, e pelo Secret\u00e1rio do Com\u00e9rcio, Howard Lutnick, e por representantes de alto n\u00edvel do M\u00e9xico. Estou ansioso por participar nessas negocia\u00e7\u00f5es, com a Presidente Sheinbaum, enquanto tentamos alcan\u00e7ar um \u201cacordo\u201d entre os nossos dois pa\u00edses\u201d, escreveu o presidente.\n<\/p>\n<p>O presidente dos EUA tamb\u00e9m conversou com o primeiro-ministro do Canad\u00e1, Justin Trudeau, \u00e0 medida que os dois pa\u00edses se preparam para impor novas tarifas de importa\u00e7\u00e3o um ao outro.\n<\/p>\n<p>Trump disse que falar\u00e1 com Trudeau novamente \u00e0s 17h (hor\u00e1rio de Bras\u00edlia).\n<\/p>\n<p>Ele citou as regula\u00e7\u00f5es banc\u00e1rias canadenses e o tr\u00e1fico de drogas como motivos para as tarifas dos EUA em uma publica\u00e7\u00e3o na plataforma Truth Social.\n<\/p>\n<p>Fonte: CNN Brasil              <\/p>\n<\/div>\n<p><br \/>\n<br \/><a href=\"https:\/\/diariodobrasilnoticias.com.br\/noticia\/a-presidente-do-mexico-ligou-para-trump-e-conseguiu-uma-tregua-de-30-dias-nas-taxacoes-sobre-o-pais-67a105f51c110\">Source link <\/a><\/p>","protected":false},"excerpt":{"rendered":"<p>A presidente do M\u00e9xico, Claudia Sheinbaum, afirmou nesta segunda-feira (3) que as tarifas impostas pelos Estados Unidos aos produtos importados do pa\u00eds ter\u00e3o pausa de um m\u00eas a partir de&hellip;<\/p>","protected":false},"author":1,"featured_media":98875,"comment_status":"closed","ping_status":"open","sticky":false,"template":"","format":"standard","meta":{"content-type":"","footnotes":""},"categories":[16],"tags":[123,2448,5313,1267],"class_list":["post-98874","post","type-post","status-publish","format-standard","has-post-thumbnail","hentry","category-noticias","tag-brasil","tag-diario","tag-noticia","tag-noticias"],"_links":{"self":[{"href":"https:\/\/tvbrazilusa.com\/pt\/wp-json\/wp\/v2\/posts\/98874","targetHints":{"allow":["GET"]}}],"collection":[{"href":"https:\/\/tvbrazilusa.com\/pt\/wp-json\/wp\/v2\/posts"}],"about":[{"href":"https:\/\/tvbrazilusa.com\/pt\/wp-json\/wp\/v2\/types\/post"}],"author":[{"embeddable":true,"href":"https:\/\/tvbrazilusa.com\/pt\/wp-json\/wp\/v2\/users\/1"}],"replies":[{"embeddable":true,"href":"https:\/\/tvbrazilusa.com\/pt\/wp-json\/wp\/v2\/comments?post=98874"}],"version-history":[{"count":1,"href":"https:\/\/tvbrazilusa.com\/pt\/wp-json\/wp\/v2\/posts\/98874\/revisions"}],"predecessor-version":[{"id":98876,"href":"https:\/\/tvbrazilusa.com\/pt\/wp-json\/wp\/v2\/posts\/98874\/revisions\/98876"}],"wp:featuredmedia":[{"embeddable":true,"href":"https:\/\/tvbrazilusa.com\/pt\/wp-json\/wp\/v2\/media\/98875"}],"wp:attachment":[{"href":"https:\/\/tvbrazilusa.com\/pt\/wp-json\/wp\/v2\/media?parent=98874"}],"wp:term":[{"taxonomy":"category","embeddable":true,"href":"https:\/\/tvbrazilusa.com\/pt\/wp-json\/wp\/v2\/categories?post=98874"},{"taxonomy":"post_tag","embeddable":true,"href":"https:\/\/tvbrazilusa.com\/pt\/wp-json\/wp\/v2\/tags?post=98874"}],"curies":[{"name":"wp","href":"https:\/\/api.w.org\/{rel}","templated":true}]}}