{"id":98877,"date":"2025-02-03T20:25:19","date_gmt":"2025-02-03T20:25:19","guid":{"rendered":"https:\/\/tvbrazilusa.com\/2025\/02\/03\/barroso-declara-que-os-ministros-do-stf-sao-imunes-as-paixoes-politicas\/"},"modified":"2025-02-03T20:25:23","modified_gmt":"2025-02-03T20:25:23","slug":"barroso-declara-que-os-ministros-do-stf-sao-imunes-as-paixoes-politicas","status":"publish","type":"post","link":"https:\/\/tvbrazilusa.com\/pt\/2025\/02\/03\/barroso-declara-que-os-ministros-do-stf-sao-imunes-as-paixoes-politicas\/","title":{"rendered":"Barroso declara que os ministros do STF s\u00e3o &#8216;imunes \u00e0s paix\u00f5es pol\u00edticas&#8217;"},"content":{"rendered":"<p> <script async src=\"https:\/\/pagead2.googlesyndication.com\/pagead\/js\/adsbygoogle.js?client=ca-pub-8864793242727901\"\r\n     crossorigin=\"anonymous\"><\/script><br \/>\n<\/p>\n<div id=\"taboola-read-more\" style=\"display:block; width:100%\">\n<p>Era para ser apenas uma cerim\u00f4nia de abertura do ano judici\u00e1rio, mas a solenidade no Supremo Tribunal Federal (STF), nesta segunda-feira (3), foi marcada pelo discurso confrontativo proferido pelo presidente da Casa, ministro Lu\u00eds Roberto Barroso.\n<\/p>\n<p>Diante das presen\u00e7as dos presidentes rec\u00e9m-eleitos da C\u00e2mara dos Deputados e do Senado, Hugo Motta (Republicanos-PB) e Davi Alcolumbre (Uni\u00e3o Brasil-AP), al\u00e9m do presidente Lula (PT), Barroso saiu em defesa de seus pares e argumentou que as democracias \u201cprecisam de agentes p\u00fablicos n\u00e3o eleitos pelo voto popular, para que permane\u00e7am imunes \u00e0s paix\u00f5es pol\u00edticas\u201d.<\/p>\n<p>O magistrado defendeu que a democracia tem lugar para todos, citando os liberais, progressistas e conservadores.\n<\/p>\n<p>\u2013 S\u00f3 n\u00e3o tem lugar para quem n\u00e3o aceite jogar o jogo pelas regras da democracia \u2013 destacou.\n<\/p>\n<p>Barroso afirmou \u201cque todas as democracias reservam uma parcela de poder para ser exercida por agentes p\u00fablicos que n\u00e3o s\u00e3o eleitos pelo voto popular, para que permane\u00e7am imunes \u00e0s paix\u00f5es pol\u00edticas de cada momento\u201d.\n<\/p>\n<p>\u2013 Esses somos n\u00f3s \u2013 disse o ministro recha\u00e7ando qualquer inclina\u00e7\u00e3o pol\u00edtica por parte dos demais magistrados da Suprema Corte.\n<\/p>\n<p>O presidente do STF seguiu sua autodefesa com bravura.\n<\/p>\n<p>\u2013 O t\u00edtulo de legitimidade desses agentes \u00e9 a forma\u00e7\u00e3o t\u00e9cnica e a imparcialidade na interpreta\u00e7\u00e3o da Constitui\u00e7\u00e3o e das leis \u2013 pontuou.\n<\/p>\n<p>Barroso minimizou a enxurrada de cr\u00edticas ao tribunal e o expressivo descontentamento de grande parte da popula\u00e7\u00e3o acerca da atua\u00e7\u00e3o enviesada do STF.\n<\/p>\n<p>\u2013 Faz parte do nosso papel. H\u00e1 sempre um grau de insatisfa\u00e7\u00e3o, e de rejei\u00e7\u00e3o. Faz parte da vida, e n\u00f3s n\u00e3o devemos nos abalar com isso. E \u00e9 assim com todas as cortes constitucionais do mundo, dos Estados Unidos \u00e0 \u00c1frica do Sul, da Col\u00f4mbia a Israel.\n<\/p>\n<p>J\u00e1 o presidente da C\u00e2mara, Hugo Motta, defendeu um parlamento forte como rem\u00e9dio para evitar uma ditadura e falou em \u201clutar pela democracia\u201d.\n<\/p>\n<p>\u2013 N\u00e3o existe ditadura com parlamento forte. O primeiro sinal de todas as ditaduras \u00e9 minar e solapar todos os parlamentos. Por isso, temos de lutar pela democracia.\n<\/p>\n<p>Fonte: Pleno News              <\/p>\n<\/div>\n<p><br \/>\n<br \/><a href=\"https:\/\/diariodobrasilnoticias.com.br\/noticia\/barroso-declara-que-os-ministros-do-stf-sao-imunes-as-paixoes-politicas-67a112a3d75ff\">Source link <\/a><\/p>","protected":false},"excerpt":{"rendered":"<p>Era para ser apenas uma cerim\u00f4nia de abertura do ano judici\u00e1rio, mas a solenidade no Supremo Tribunal Federal (STF), nesta segunda-feira (3), foi marcada pelo discurso confrontativo proferido pelo presidente&hellip;<\/p>","protected":false},"author":1,"featured_media":98878,"comment_status":"closed","ping_status":"open","sticky":false,"template":"","format":"standard","meta":{"content-type":"","footnotes":""},"categories":[16],"tags":[123,2448,5313,1267],"class_list":["post-98877","post","type-post","status-publish","format-standard","has-post-thumbnail","hentry","category-noticias","tag-brasil","tag-diario","tag-noticia","tag-noticias"],"_links":{"self":[{"href":"https:\/\/tvbrazilusa.com\/pt\/wp-json\/wp\/v2\/posts\/98877","targetHints":{"allow":["GET"]}}],"collection":[{"href":"https:\/\/tvbrazilusa.com\/pt\/wp-json\/wp\/v2\/posts"}],"about":[{"href":"https:\/\/tvbrazilusa.com\/pt\/wp-json\/wp\/v2\/types\/post"}],"author":[{"embeddable":true,"href":"https:\/\/tvbrazilusa.com\/pt\/wp-json\/wp\/v2\/users\/1"}],"replies":[{"embeddable":true,"href":"https:\/\/tvbrazilusa.com\/pt\/wp-json\/wp\/v2\/comments?post=98877"}],"version-history":[{"count":1,"href":"https:\/\/tvbrazilusa.com\/pt\/wp-json\/wp\/v2\/posts\/98877\/revisions"}],"predecessor-version":[{"id":98879,"href":"https:\/\/tvbrazilusa.com\/pt\/wp-json\/wp\/v2\/posts\/98877\/revisions\/98879"}],"wp:featuredmedia":[{"embeddable":true,"href":"https:\/\/tvbrazilusa.com\/pt\/wp-json\/wp\/v2\/media\/98878"}],"wp:attachment":[{"href":"https:\/\/tvbrazilusa.com\/pt\/wp-json\/wp\/v2\/media?parent=98877"}],"wp:term":[{"taxonomy":"category","embeddable":true,"href":"https:\/\/tvbrazilusa.com\/pt\/wp-json\/wp\/v2\/categories?post=98877"},{"taxonomy":"post_tag","embeddable":true,"href":"https:\/\/tvbrazilusa.com\/pt\/wp-json\/wp\/v2\/tags?post=98877"}],"curies":[{"name":"wp","href":"https:\/\/api.w.org\/{rel}","templated":true}]}}