{"id":98889,"date":"2025-02-03T21:03:57","date_gmt":"2025-02-03T21:03:57","guid":{"rendered":"https:\/\/tvbrazilusa.com\/2025\/02\/03\/venezuela-e-brasil-reforcam-lacos-de-amizade-em-reuniao-no-suriname\/"},"modified":"2025-02-03T21:03:59","modified_gmt":"2025-02-03T21:03:59","slug":"venezuela-e-brasil-reforcam-lacos-de-amizade-em-reuniao-no-suriname","status":"publish","type":"post","link":"https:\/\/tvbrazilusa.com\/pt\/2025\/02\/03\/venezuela-e-brasil-reforcam-lacos-de-amizade-em-reuniao-no-suriname\/","title":{"rendered":"Venezuela e Brasil refor\u00e7am &#8216;la\u00e7os de amizade&#8217; em reuni\u00e3o no Suriname"},"content":{"rendered":"<p> <script async src=\"https:\/\/pagead2.googlesyndication.com\/pagead\/js\/adsbygoogle.js?client=ca-pub-8864793242727901\"\r\n     crossorigin=\"anonymous\"><\/script><br \/>\n<\/p>\n<div id=\"taboola-read-more\" style=\"display:block; width:100%\">\n<p>Os ministros das Rela\u00e7\u00f5es Exteriores de Venezuela e Brasil, Yv\u00e1n Gil e Mauro Vieira, respectivamente, ratificaram os \u201cla\u00e7os de amizade e respeito m\u00fatuo\u201d entre seus pa\u00edses durante um encontro realizado na XV Reuni\u00e3o de Ministros das Rela\u00e7\u00f5es Exteriores da Organiza\u00e7\u00e3o do Tratado de Coopera\u00e7\u00e3o Amaz\u00f4nica (OTCA), que est\u00e1 sendo realizada no Suriname, informou nesta segunda-feira (3) um representante do regime socialista de Caracas.\n<\/p>\n<p>&#8220;Este encontro nos permitiu reafirmar nossos la\u00e7os de amizade e respeito m\u00fatuo pela soberania de nossos povos&#8221;, disse o chanceler chavista Gil por meio de seu canal no Telegram.<\/p>\n<p>Segundo a OTCA \u2014 formada por Bol\u00edvia, Brasil, Col\u00f4mbia, Equador, Guiana, Peru, Suriname e Venezuela \u2014 o encontro de chanceleres tem como objetivo &#8220;fortalecer a coopera\u00e7\u00e3o regional e avan\u00e7ar na agenda de conserva\u00e7\u00e3o e desenvolvimento sustent\u00e1vel da Amaz\u00f4nia&#8221;.\n<\/p>\n<p>Em outra publica\u00e7\u00e3o no Telegram, Gil ressaltou que a reuni\u00e3o da organiza\u00e7\u00e3o \u00e9 &#8220;fundamental para abordar a coopera\u00e7\u00e3o regional em prol da conserva\u00e7\u00e3o e do desenvolvimento sustent\u00e1vel da Amaz\u00f4nia, recurso vital para a humanidade&#8221;.\n<\/p>\n<p>Ele tamb\u00e9m explicou que a Venezuela est\u00e1 apresentando seu plano de &#8220;transforma\u00e7\u00e3o ecol\u00f3gica&#8221; para &#8220;reorganizar a produ\u00e7\u00e3o e o consumo capitalista&#8221;, com o objetivo &#8211; acrescentou &#8211; de &#8220;enfrentar efetivamente&#8221; a crise clim\u00e1tica.\n<\/p>\n<p>A reuni\u00e3o entre os chanceleres ocorreu ap\u00f3s troca de declara\u00e7\u00f5es entre Caracas e Bras\u00edlia, ap\u00f3s o governo do presidente Luiz In\u00e1cio Lula da Silva n\u00e3o reconhecer abertamente a reelei\u00e7\u00e3o ileg\u00edtima do ditador Nicol\u00e1s Maduro, que fraudou as elei\u00e7\u00f5es disputadas em 28 de julho do ano passado, vencidas de fato, segundo atas coletadas por volunt\u00e1rios em zonas eleitorais, pelo opositor Edmundo Gonz\u00e1lez, atualmente exilado ap\u00f3s ser v\u00edtima de persegui\u00e7\u00e3o pol\u00edtica.\n<\/p>\n<p>Na semana passada, Maduro, que foi empossado pelo Parlamento chavista em 10 de janeiro, quando impediu a entrada do opositor Gonz\u00e1lez no pa\u00eds e at\u00e9 chegou a sequestrar a l\u00edder Mar\u00eda Corina Machado, negou que haja uma \u201ccrise com o Brasil\u201d, mas sim o que chamou de &#8220;diverg\u00eancias&#8221; entre as chancelarias de ambas as na\u00e7\u00f5es.\n<\/p>\n<p>Lula, junto aos l\u00edderes de M\u00e9xico e Col\u00f4mbia, tentou mediar a crise p\u00f3s-eleitoral e chegou a apelar \u00e0s autoridades venezuelanas para que publicassem as atas eleitorais do chavista Conselho Nacional Eleitoral (CNE), um pedido que foi ignorado. A divulga\u00e7\u00e3o das atas pelo CNE est\u00e1 na lei venezuelana, que tamb\u00e9m foi ignorada. At\u00e9 o presente momento, o CNE segue sem divulgar suas atas que deram vit\u00f3ria a Maduro no pleito presidencial.\n<\/p>\n<p>Ap\u00f3s a posse de Maduro, Lula e o presidente da Fran\u00e7a, Emmanuel Macron, pediram ao l\u00edder venezuelano que retomasse o di\u00e1logo com a oposi\u00e7\u00e3o para tornar poss\u00edvel &#8220;o retorno da democracia e da estabilidade&#8221; no pa\u00eds.\n<\/p>\n<p>Fonte: Gazeta do Povo              <\/p>\n<\/div>\n<p><br \/>\n<br \/><a href=\"https:\/\/diariodobrasilnoticias.com.br\/noticia\/venezuela-e-brasil-reforcam-lacos-de-amizade-em-reuniao-no-suriname-67a115ff850bc\">Source link <\/a><\/p>","protected":false},"excerpt":{"rendered":"<p>Os ministros das Rela\u00e7\u00f5es Exteriores de Venezuela e Brasil, Yv\u00e1n Gil e Mauro Vieira, respectivamente, ratificaram os \u201cla\u00e7os de amizade e respeito m\u00fatuo\u201d entre seus pa\u00edses durante um encontro realizado&hellip;<\/p>","protected":false},"author":1,"featured_media":98890,"comment_status":"closed","ping_status":"open","sticky":false,"template":"","format":"standard","meta":{"content-type":"","footnotes":""},"categories":[16],"tags":[123,2448,5313,1267],"class_list":["post-98889","post","type-post","status-publish","format-standard","has-post-thumbnail","hentry","category-noticias","tag-brasil","tag-diario","tag-noticia","tag-noticias"],"_links":{"self":[{"href":"https:\/\/tvbrazilusa.com\/pt\/wp-json\/wp\/v2\/posts\/98889","targetHints":{"allow":["GET"]}}],"collection":[{"href":"https:\/\/tvbrazilusa.com\/pt\/wp-json\/wp\/v2\/posts"}],"about":[{"href":"https:\/\/tvbrazilusa.com\/pt\/wp-json\/wp\/v2\/types\/post"}],"author":[{"embeddable":true,"href":"https:\/\/tvbrazilusa.com\/pt\/wp-json\/wp\/v2\/users\/1"}],"replies":[{"embeddable":true,"href":"https:\/\/tvbrazilusa.com\/pt\/wp-json\/wp\/v2\/comments?post=98889"}],"version-history":[{"count":1,"href":"https:\/\/tvbrazilusa.com\/pt\/wp-json\/wp\/v2\/posts\/98889\/revisions"}],"predecessor-version":[{"id":98891,"href":"https:\/\/tvbrazilusa.com\/pt\/wp-json\/wp\/v2\/posts\/98889\/revisions\/98891"}],"wp:featuredmedia":[{"embeddable":true,"href":"https:\/\/tvbrazilusa.com\/pt\/wp-json\/wp\/v2\/media\/98890"}],"wp:attachment":[{"href":"https:\/\/tvbrazilusa.com\/pt\/wp-json\/wp\/v2\/media?parent=98889"}],"wp:term":[{"taxonomy":"category","embeddable":true,"href":"https:\/\/tvbrazilusa.com\/pt\/wp-json\/wp\/v2\/categories?post=98889"},{"taxonomy":"post_tag","embeddable":true,"href":"https:\/\/tvbrazilusa.com\/pt\/wp-json\/wp\/v2\/tags?post=98889"}],"curies":[{"name":"wp","href":"https:\/\/api.w.org\/{rel}","templated":true}]}}