{"id":98910,"date":"2025-02-03T10:35:08","date_gmt":"2025-02-03T10:35:08","guid":{"rendered":"https:\/\/tvbrazilusa.com\/2025\/02\/03\/comunidade-de-patinacao-artistica-de-connecticut-mantem-o-momento-de-silencio-para-vitimas-de-acidente-de-aviao-dc\/"},"modified":"2025-02-03T22:05:55","modified_gmt":"2025-02-03T22:05:55","slug":"comunidade-de-patinacao-artistica-de-connecticut-mantem-o-momento-de-silencio-para-vitimas-de-acidente-de-aviao-dc","status":"publish","type":"post","link":"https:\/\/tvbrazilusa.com\/pt\/2025\/02\/03\/comunidade-de-patinacao-artistica-de-connecticut-mantem-o-momento-de-silencio-para-vitimas-de-acidente-de-aviao-dc\/","title":{"rendered":"Comunidade de patina\u00e7\u00e3o art\u00edstica de Connecticut mant\u00e9m o momento de sil\u00eancio para v\u00edtimas de acidente de avi\u00e3o dc"},"content":{"rendered":"<p> <script async src=\"https:\/\/pagead2.googlesyndication.com\/pagead\/js\/adsbygoogle.js?client=ca-pub-8864793242727901\"\r\n     crossorigin=\"anonymous\"><\/script><br \/>\n<\/p>\n<p>SIMSBURY, Connecticut (WTNH) &#8211; A comunidade de patina\u00e7\u00e3o art\u00edstica em Connecticut se reuniu na segunda -feira para se lembrar dos perdidos na semana passada <a href=\"https:\/\/www.wtnh.com\/news\/national\/passenger-jet-with-64-aboard-collides-with-army-helicopter-while-landing-at-reagan-airport\/\" data-type=\"link\" data-id=\"https:\/\/www.wtnh.com\/news\/national\/passenger-jet-with-64-aboard-collides-with-army-helicopter-while-landing-at-reagan-airport\/\" target=\"_blank\" rel=\"noreferrer noopener\">acidente de avi\u00e3o no ar<\/a> em Washington, DC<\/p>\n<div class=\"nlp-ignore-block article-content rich-text\">\n<aside class=\"promo-link\">\n\t<a href=\"https:\/\/www.wtnh.com\/news\/national\/figure-skaters-among-those-on-flight-that-collided-with-army-helicopter\/?ipid=promo-link-block1\" class=\"promo-link__link\"><\/p>\n<p>\t\tPatinadores de figuras entre os que colidiram com o Helic\u00f3ptero do Ex\u00e9rcito\t<\/a><br \/>\n<\/aside>\n<\/div>\n<p>\u00c0s 15h35 de segunda-feira, a pistas de patina\u00e7\u00e3o em todo o pa\u00eds, inclusive em West Hartford e Simsbury, realizou um momento simult\u00e2neo de cinco minutos de sil\u00eancio para as 64 v\u00edtimas no voo 5342 da American Airlines e tr\u00eas no helic\u00f3ptero do Ex\u00e9rcito Blackhawk.<\/p>\n<p>Vadim Naumov e Evgenia Shishkova, os campe\u00f5es mundiais de patina\u00e7\u00e3o mundial de 1994, come\u00e7aram a treinar outros patinadores de figuras no Centro Internacional de Patina\u00e7\u00e3o de Connecticut, em Simsbury, at\u00e9 o casal se mudar para Boston em 2017. <\/p>\n<div class=\"nlp-ignore-block article-content rich-text\">\n<aside class=\"promo-link\">\n\t<a href=\"https:\/\/www.wtnh.com\/news\/connecticut\/figure-skating-community-mourns-dc-plane-crash-victims-with-connecticut-ties\/?ipid=promo-link-block2\" class=\"promo-link__link\"><\/p>\n<p>\t\tComunidade de patina\u00e7\u00e3o art\u00edstica lamenta v\u00edtimas de acidente de avi\u00e3o dc com la\u00e7os de Connecticut\t<\/a><br \/>\n<\/aside>\n<\/div>\n<p>Muitos dos que compareceram \u00e0 vig\u00edlia de segunda -feira em Simsbury os conheciam e o impacto que tiveram na comunidade de patina\u00e7\u00e3o local.<\/p>\n<p>&#8220;Eu realmente n\u00e3o estou processando&#8221;, disse Karen Hansen.<\/p>\n<p>Os enlutados trouxeram placas, flores e velas operadas por bateria para a pista de patina\u00e7\u00e3o no gelo dos veteranos em West Hartford por um momento de sil\u00eancio.<\/p>\n<div class=\"wp-block-jetpack-slideshow aligncenter\" data-effect=\"slide\">\n<div class=\"wp-block-jetpack-slideshow_container swiper-container\">\n<ul class=\"wp-block-jetpack-slideshow_swiper-wrapper swiper-wrapper\">\n<li class=\"wp-block-jetpack-slideshow_slide swiper-slide\">\n<figure><\/figure>\n<\/li>\n<li class=\"wp-block-jetpack-slideshow_slide swiper-slide\">\n<figure><img loading=\"lazy\" decoding=\"async\" width=\"4032\" height=\"3024\" alt=\"\" class=\"wp-block-jetpack-slideshow_image wp-image-2108958\" data-id=\"2108958\" src=\"https:\/\/www.wtnh.com\/wp-content\/uploads\/sites\/100\/2025\/02\/west-hartford-skating-community-2-020325.jpg?w=900\" \/><\/figure>\n<\/li>\n<\/ul>\n<p><a class=\"wp-block-jetpack-slideshow_button-prev swiper-button-prev swiper-button-white\" role=\"button\"><\/a><a class=\"wp-block-jetpack-slideshow_button-next swiper-button-next swiper-button-white\" role=\"button\"><\/a><a aria-label=\"Pause Slideshow\" class=\"wp-block-jetpack-slideshow_button-pause\" role=\"button\"><\/a><\/p>\n<div class=\"wp-block-jetpack-slideshow_pagination swiper-pagination swiper-pagination-white\"><\/div>\n<\/div>\n<\/div>\n<p>Para apoiar as fam\u00edlias de patina\u00e7\u00e3o art\u00edstica que sofreram uma perda, <a href=\"https:\/\/secure.qgiv.com\/for\/usfigureskatingfoundation\/event\/usfigureskatingfund\/\" data-type=\"link\" data-id=\"https:\/\/secure.qgiv.com\/for\/usfigureskatingfoundation\/event\/usfigureskatingfund\/\" target=\"_blank\" rel=\"noreferrer noopener\">Clique aqui<\/a>. <\/p>\n<p><br \/>\n<br \/><a href=\"https:\/\/www.wtnh.com\/news\/connecticut\/hartford\/west-hartford-to-hold-vigil-for-dc-plane-crash-victims\/\">Source link <\/a><\/p>","protected":false},"excerpt":{"rendered":"<p>SIMSBURY, Connecticut (WTNH) &#8211; A comunidade de patina\u00e7\u00e3o art\u00edstica em Connecticut se reuniu na segunda -feira para se lembrar dos perdidos na semana passada acidente de avi\u00e3o no ar em&hellip;<\/p>","protected":false},"author":1,"featured_media":98911,"comment_status":"closed","ping_status":"open","sticky":false,"template":"","format":"standard","meta":{"content-type":"","footnotes":""},"categories":[1],"tags":[],"class_list":["post-98910","post","type-post","status-publish","format-standard","has-post-thumbnail","hentry","category-uncategorized"],"_links":{"self":[{"href":"https:\/\/tvbrazilusa.com\/pt\/wp-json\/wp\/v2\/posts\/98910","targetHints":{"allow":["GET"]}}],"collection":[{"href":"https:\/\/tvbrazilusa.com\/pt\/wp-json\/wp\/v2\/posts"}],"about":[{"href":"https:\/\/tvbrazilusa.com\/pt\/wp-json\/wp\/v2\/types\/post"}],"author":[{"embeddable":true,"href":"https:\/\/tvbrazilusa.com\/pt\/wp-json\/wp\/v2\/users\/1"}],"replies":[{"embeddable":true,"href":"https:\/\/tvbrazilusa.com\/pt\/wp-json\/wp\/v2\/comments?post=98910"}],"version-history":[{"count":1,"href":"https:\/\/tvbrazilusa.com\/pt\/wp-json\/wp\/v2\/posts\/98910\/revisions"}],"predecessor-version":[{"id":98912,"href":"https:\/\/tvbrazilusa.com\/pt\/wp-json\/wp\/v2\/posts\/98910\/revisions\/98912"}],"wp:featuredmedia":[{"embeddable":true,"href":"https:\/\/tvbrazilusa.com\/pt\/wp-json\/wp\/v2\/media\/98911"}],"wp:attachment":[{"href":"https:\/\/tvbrazilusa.com\/pt\/wp-json\/wp\/v2\/media?parent=98910"}],"wp:term":[{"taxonomy":"category","embeddable":true,"href":"https:\/\/tvbrazilusa.com\/pt\/wp-json\/wp\/v2\/categories?post=98910"},{"taxonomy":"post_tag","embeddable":true,"href":"https:\/\/tvbrazilusa.com\/pt\/wp-json\/wp\/v2\/tags?post=98910"}],"curies":[{"name":"wp","href":"https:\/\/api.w.org\/{rel}","templated":true}]}}