{"id":98937,"date":"2025-02-03T23:41:16","date_gmt":"2025-02-03T23:41:16","guid":{"rendered":"https:\/\/tvbrazilusa.com\/2025\/02\/03\/moraes-arquiva-pedido-para-investigar-tarcisio-em-inquerito-sobre-suposto-golpe\/"},"modified":"2025-02-03T23:41:17","modified_gmt":"2025-02-03T23:41:17","slug":"moraes-arquiva-pedido-para-investigar-tarcisio-em-inquerito-sobre-suposto-golpe","status":"publish","type":"post","link":"https:\/\/tvbrazilusa.com\/pt\/2025\/02\/03\/moraes-arquiva-pedido-para-investigar-tarcisio-em-inquerito-sobre-suposto-golpe\/","title":{"rendered":"Moraes arquiva pedido para investigar Tarc\u00edsio em inqu\u00e9rito sobre suposto golpe"},"content":{"rendered":"<p> <script async src=\"https:\/\/pagead2.googlesyndication.com\/pagead\/js\/adsbygoogle.js?client=ca-pub-8864793242727901\"\r\n     crossorigin=\"anonymous\"><\/script><br \/>\n<\/p>\n<div id=\"taboola-read-more\" style=\"display:block; width:100%\">\n<p>O ministro do STF (Supremo Tribunal Federal) Alexandre de Moraes determinou o arquivamento de uma a\u00e7\u00e3o que pedia a inclus\u00e3o do governador de S\u00e3o Paulo, Tarc\u00edsio de Freitas (Republicanos), no inqu\u00e9rito que investiga uma suposta tentativa de golpe de Estado ap\u00f3s as elei\u00e7\u00f5es de 2022. Na semana passada, o procurador-geral da Rep\u00fablica, Paulo Gonet, e manifestou contra o pedido.\n<\/p>\n<p>\u201cDiante do exposto, acolho a manifesta\u00e7\u00e3o da Procuradoria-Geral da Rep\u00fablica e defiro o arquivamento desta investiga\u00e7\u00e3o\u201d, disse o ministro. O pedido para Tarc\u00edsio ser investigado foi feito pela bancada feminista do PSOL. O partido argumentou que o governador de S\u00e3o Paulo esteve no Pal\u00e1cio da Alvorada no dia 19 de novembro de 2022, ocasi\u00e3o em que teria sido discutida a \u201cminuta do golpe\u201d.<\/p>\n<p>Para o PGR, o documento n\u00e3o aponta fato minimamente individualizado que justifique a ado\u00e7\u00e3o de provid\u00eancias penais contra Tarc\u00edsio.\n<\/p>\n<p>\u201cOs registros de controle de entrada e sa\u00edda do Pal\u00e1cio da Alvorada no dia 19.11.2022 foram extra\u00eddos de documento que \u00e9 de conhecimento da Autoridade que conduz as investiga\u00e7\u00f5es sobre tais fatos. N\u00e3o h\u00e1, assim, qualquer nova circunst\u00e2ncia ou fato que justifique a ado\u00e7\u00e3o de provid\u00eancias pela Procuradoria-Geral da Rep\u00fablica ou pela Corte\u201d, disse.\n<\/p>\n<p>At\u00e9 o momento, a Pol\u00edcia Federal indiciou pelo menos 40 pessoas no inqu\u00e9rito que investiga a suposta tentativa de golpe de Estado ap\u00f3s o resultado das elei\u00e7\u00f5es presidenciais de 2022. Em novembro do ano passado, a corpora\u00e7\u00e3o indiciou o ex-presidente Jair Bolsonaro e outros nomes. Entre eles, est\u00e3o os ex-ministros Augusto Heleno e Walter Braga Netto, e o presidente do PL, Valdemar Costa Neto.\n<\/p>\n<p>O indiciamento \u00e9 um ato formal realizado pela autoridade policial durante a investiga\u00e7\u00e3o de um crime. Ele ocorre quando, com base nas provas coletadas, os investigadores identificam uma pessoa como suspeita principal da pr\u00e1tica de um delito e formaliza essa suspeita no inqu\u00e9rito.\n<\/p>\n<p>Neste momento, o relat\u00f3rio da Pol\u00edcia Federal sobre o suposto plano est\u00e1 na PGR. O documento ser\u00e1 analisado pelo Grupo Estrat\u00e9gico de Combate aos Atos Antidemocr\u00e1ticos, institui\u00e7\u00e3o ligada ao gabinete de Paulo Gonet. O documento foi enviado pelo ministro do STF Alexandre de Moraes.\n<\/p>\n<p>Fonte: Portal R7              <\/p>\n<\/div>\n<p><br \/>\n<br \/><a href=\"https:\/\/diariodobrasilnoticias.com.br\/noticia\/moraes-arquiva-pedido-para-investigar-tarcisio-em-inquerito-sobre-suposto-golpe-67a122ea7e6d3\">Source link <\/a><\/p>","protected":false},"excerpt":{"rendered":"<p>O ministro do STF (Supremo Tribunal Federal) Alexandre de Moraes determinou o arquivamento de uma a\u00e7\u00e3o que pedia a inclus\u00e3o do governador de S\u00e3o Paulo, Tarc\u00edsio de Freitas (Republicanos), no&hellip;<\/p>","protected":false},"author":1,"featured_media":98938,"comment_status":"closed","ping_status":"open","sticky":false,"template":"","format":"standard","meta":{"content-type":"","footnotes":""},"categories":[16],"tags":[123,2448,5313,1267],"class_list":["post-98937","post","type-post","status-publish","format-standard","has-post-thumbnail","hentry","category-noticias","tag-brasil","tag-diario","tag-noticia","tag-noticias"],"_links":{"self":[{"href":"https:\/\/tvbrazilusa.com\/pt\/wp-json\/wp\/v2\/posts\/98937","targetHints":{"allow":["GET"]}}],"collection":[{"href":"https:\/\/tvbrazilusa.com\/pt\/wp-json\/wp\/v2\/posts"}],"about":[{"href":"https:\/\/tvbrazilusa.com\/pt\/wp-json\/wp\/v2\/types\/post"}],"author":[{"embeddable":true,"href":"https:\/\/tvbrazilusa.com\/pt\/wp-json\/wp\/v2\/users\/1"}],"replies":[{"embeddable":true,"href":"https:\/\/tvbrazilusa.com\/pt\/wp-json\/wp\/v2\/comments?post=98937"}],"version-history":[{"count":1,"href":"https:\/\/tvbrazilusa.com\/pt\/wp-json\/wp\/v2\/posts\/98937\/revisions"}],"predecessor-version":[{"id":98939,"href":"https:\/\/tvbrazilusa.com\/pt\/wp-json\/wp\/v2\/posts\/98937\/revisions\/98939"}],"wp:featuredmedia":[{"embeddable":true,"href":"https:\/\/tvbrazilusa.com\/pt\/wp-json\/wp\/v2\/media\/98938"}],"wp:attachment":[{"href":"https:\/\/tvbrazilusa.com\/pt\/wp-json\/wp\/v2\/media?parent=98937"}],"wp:term":[{"taxonomy":"category","embeddable":true,"href":"https:\/\/tvbrazilusa.com\/pt\/wp-json\/wp\/v2\/categories?post=98937"},{"taxonomy":"post_tag","embeddable":true,"href":"https:\/\/tvbrazilusa.com\/pt\/wp-json\/wp\/v2\/tags?post=98937"}],"curies":[{"name":"wp","href":"https:\/\/api.w.org\/{rel}","templated":true}]}}