{"id":98943,"date":"2025-02-04T00:05:45","date_gmt":"2025-02-04T00:05:45","guid":{"rendered":"https:\/\/tvbrazilusa.com\/2025\/02\/04\/byd-empresta-por-dois-anos-20-carros-eletricos-avaliados-em-r-6-milhoes-a-ministros-do-stj\/"},"modified":"2025-02-04T00:05:46","modified_gmt":"2025-02-04T00:05:46","slug":"byd-empresta-por-dois-anos-20-carros-eletricos-avaliados-em-r-6-milhoes-a-ministros-do-stj","status":"publish","type":"post","link":"https:\/\/tvbrazilusa.com\/pt\/2025\/02\/04\/byd-empresta-por-dois-anos-20-carros-eletricos-avaliados-em-r-6-milhoes-a-ministros-do-stj\/","title":{"rendered":"BYD \u2018empresta\u2019 por dois anos 20 carros el\u00e9tricos avaliados em R$ 6 milh\u00f5es a ministros do STJ"},"content":{"rendered":"<p> <script async src=\"https:\/\/pagead2.googlesyndication.com\/pagead\/js\/adsbygoogle.js?client=ca-pub-8864793242727901\"\r\n     crossorigin=\"anonymous\"><\/script><br \/>\n<\/p>\n<div id=\"taboola-read-more\" style=\"display:block; width:100%\">\n<p>A BYD emprestou por dois anos ao STJ 20 carros zero quil\u00f4metro do seu modelo mais caro, o Seal. Ser\u00e3o entregues este m\u00eas para serem usados pelos ministros. No mercado, sai por R$ 300 mil cada (total de R$ 6 milh\u00f5es).\n<\/p>\n<p>Dadivosa, a montadora chinesa ofereceu os ve\u00edculos por dois anos. O STJ topou \u2014 imagine se \u00e9 o caso de dizer n\u00e3o a um oferecimento desses. N\u00e3o \u00e9 s\u00f3 para a corte que a BYD est\u00e1 gentilmente emprestando autom\u00f3veis. Tamb\u00e9m o fez para a Presid\u00eancia da Rep\u00fablica, TCU, C\u00e2mara dos Deputados e at\u00e9 para jornalistas.<\/p>\n<p>Entre as justificativas da Corte para aceitar a oferta, h\u00e1 essa: \u201co teste dos carros el\u00e9tricos se mostra uma oportunidade de incentivar a inova\u00e7\u00e3o tecnol\u00f3gica, de demonstrar o compromisso do STJ com a sustentabilidade e de contribuir para a redu\u00e7\u00e3o dos impactos clim\u00e1ticos uma vez que esses ve\u00edculos n\u00e3o produzem emiss\u00e3o direta de di\u00f3xido de carbono\u201d.\n<\/p>\n<p>*\u201dCom o ingresso de modelos el\u00e9tricos no mercado brasileiro, h\u00e1 montadoras que t\u00eam ofertado a op\u00e7\u00e3o de comodato n\u00e3o oneroso de ve\u00edculos a \u00f3rg\u00e3os da administra\u00e7\u00e3o p\u00fablica. Possivelmente uma estrat\u00e9gia de marketing da montadora para ganhar visibilidade nacional, difundindo seus ve\u00edculos na imprensa que registra o acordo estabelecido entre o ente p\u00fablico e a montadora, bem como \u00e9 uma forma de aproximar seus ve\u00edculos de poss\u00edveis compradores, sejam eles servidores dos \u00f3rg\u00e3os ou usu\u00e1rios do servi\u00e7o p\u00fablico.\u201d\n<\/p>\n<p>*\u201dPara a montadora interessada, o comodato \u00e9 uma forma de promover a marca ou uma nova tecnologia, especialmente quando se est\u00e1 ingressando no mercado brasileiro. Como os exemplos citados, \u00e9 uma estrat\u00e9gica de marketing. \u00c9 importante destacar que o comodato n\u00e3o oneroso n\u00e3o ensejar\u00e1 nenhuma remunera\u00e7\u00e3o direta ou indireta ou qualquer outro benef\u00edcio indireto do STJ \u00e0 montadora ou representante interessada.\u201d\n<\/p>\n<p>(Atualiza\u00e7\u00e3o, no dia 3 de fevereiro. ABY enviou a seguinte nota: \u201cO STJ abriu para todas as montadoras um chamamento p\u00fablico para cess\u00e3o, sob o regime de comodato, de 20 ve\u00edculos el\u00e9tricos. A BYD participou do processo para ceder os ve\u00edculos do modelo Seal pelo prazo de 24 meses. A participa\u00e7\u00e3o da empresa foi realizada com total transpar\u00eancia e dentro das regras vigentes, com o objetivo de promover o uso dos ve\u00edculos el\u00e9tricos no pa\u00eds.\u201d)\n<\/p>\n<p>Fonte: Blog do BG              <\/p>\n<\/div>\n<p><br \/>\n<br \/><a href=\"https:\/\/diariodobrasilnoticias.com.br\/noticia\/byd-empresta-por-dois-anos-20-carros-eletricos-avaliados-em-r-6-milhoes-a-ministros-do-stj-67a13fe9c7471\">Source link <\/a><\/p>","protected":false},"excerpt":{"rendered":"<p>A BYD emprestou por dois anos ao STJ 20 carros zero quil\u00f4metro do seu modelo mais caro, o Seal. Ser\u00e3o entregues este m\u00eas para serem usados pelos ministros. No mercado,&hellip;<\/p>","protected":false},"author":1,"featured_media":98944,"comment_status":"closed","ping_status":"open","sticky":false,"template":"","format":"standard","meta":{"content-type":"","footnotes":""},"categories":[16],"tags":[123,2448,5313,1267],"class_list":["post-98943","post","type-post","status-publish","format-standard","has-post-thumbnail","hentry","category-noticias","tag-brasil","tag-diario","tag-noticia","tag-noticias"],"_links":{"self":[{"href":"https:\/\/tvbrazilusa.com\/pt\/wp-json\/wp\/v2\/posts\/98943","targetHints":{"allow":["GET"]}}],"collection":[{"href":"https:\/\/tvbrazilusa.com\/pt\/wp-json\/wp\/v2\/posts"}],"about":[{"href":"https:\/\/tvbrazilusa.com\/pt\/wp-json\/wp\/v2\/types\/post"}],"author":[{"embeddable":true,"href":"https:\/\/tvbrazilusa.com\/pt\/wp-json\/wp\/v2\/users\/1"}],"replies":[{"embeddable":true,"href":"https:\/\/tvbrazilusa.com\/pt\/wp-json\/wp\/v2\/comments?post=98943"}],"version-history":[{"count":1,"href":"https:\/\/tvbrazilusa.com\/pt\/wp-json\/wp\/v2\/posts\/98943\/revisions"}],"predecessor-version":[{"id":98945,"href":"https:\/\/tvbrazilusa.com\/pt\/wp-json\/wp\/v2\/posts\/98943\/revisions\/98945"}],"wp:featuredmedia":[{"embeddable":true,"href":"https:\/\/tvbrazilusa.com\/pt\/wp-json\/wp\/v2\/media\/98944"}],"wp:attachment":[{"href":"https:\/\/tvbrazilusa.com\/pt\/wp-json\/wp\/v2\/media?parent=98943"}],"wp:term":[{"taxonomy":"category","embeddable":true,"href":"https:\/\/tvbrazilusa.com\/pt\/wp-json\/wp\/v2\/categories?post=98943"},{"taxonomy":"post_tag","embeddable":true,"href":"https:\/\/tvbrazilusa.com\/pt\/wp-json\/wp\/v2\/tags?post=98943"}],"curies":[{"name":"wp","href":"https:\/\/api.w.org\/{rel}","templated":true}]}}