{"id":98946,"date":"2025-02-04T00:19:07","date_gmt":"2025-02-04T00:19:07","guid":{"rendered":"https:\/\/tvbrazilusa.com\/2025\/02\/04\/bomba-regulacao-das-redes-sociais-pode-ser-apresentada-na-proxima-semana-preve-ministro-do-governo-lula\/"},"modified":"2025-02-04T00:19:09","modified_gmt":"2025-02-04T00:19:09","slug":"bomba-regulacao-das-redes-sociais-pode-ser-apresentada-na-proxima-semana-preve-ministro-do-governo-lula","status":"publish","type":"post","link":"https:\/\/tvbrazilusa.com\/pt\/2025\/02\/04\/bomba-regulacao-das-redes-sociais-pode-ser-apresentada-na-proxima-semana-preve-ministro-do-governo-lula\/","title":{"rendered":"BOMBA: Regula\u00e7\u00e3o das redes sociais pode ser apresentada na pr\u00f3xima semana, prev\u00ea ministro do governo Lula"},"content":{"rendered":"<p> <script async src=\"https:\/\/pagead2.googlesyndication.com\/pagead\/js\/adsbygoogle.js?client=ca-pub-8864793242727901\"\r\n     crossorigin=\"anonymous\"><\/script><br \/>\n<\/p>\n<div id=\"taboola-read-more\" style=\"display:block; width:100%\">\n<p>O ministro das Rela\u00e7\u00f5es Institucionais, Alexandre Padilha, afirmou nesta segunda-feira (3) que o governo pretende apresentar na pr\u00f3xima semana um pacote de projetos priorit\u00e1rios para os pr\u00f3ximos dois anos, incluindo a regula\u00e7\u00e3o das redes sociais e propostas para a educa\u00e7\u00e3o.<\/p>\n<p>A declara\u00e7\u00e3o foi feita ap\u00f3s reuni\u00e3o com o presidente Luiz In\u00e1cio Lula da Silva (PT) e os novos presidentes da C\u00e2mara, Hugo Motta (Republicanos-PB), e do Senado, Davi Alcolumbre (Uni\u00e3o-AP). Segundo Padilha, o governo trabalhou ao longo de janeiro para definir sua agenda legislativa e agora iniciar\u00e1 as tratativas com o Congresso.<\/p>\n<p>A regula\u00e7\u00e3o das redes sociais \u00e9 um dos temas mais sens\u00edveis da pauta e pode ser incorporada a projetos j\u00e1 em tramita\u00e7\u00e3o. O governo quer que plataformas sejam obrigadas a remover conte\u00fados de usu\u00e1rios que violem leis j\u00e1 existentes.<\/p>\n<p>O ministro da Casa Civil, Rui Costa, j\u00e1 havia antecipado em janeiro que a proposta seria encaminhada logo ap\u00f3s o recesso parlamentar e que um grupo de trabalho foi criado para discutir o tema.<\/p>\n<p>Al\u00e9m disso, a agenda do governo inclui a aprova\u00e7\u00e3o do Plano Nacional de Educa\u00e7\u00e3o (PNE) e do Sistema Nacional de Educa\u00e7\u00e3o (SNE), al\u00e9m de medidas voltadas ao combate \u00e0s mudan\u00e7as clim\u00e1ticas.\n<\/p>\n<p>Fonte: Conex\u00e3o Pol\u00edtica<\/p>\n<\/p><\/div>\n<p><br \/>\n<br \/><a href=\"https:\/\/diariodobrasilnoticias.com.br\/noticia\/bomba-regulacao-das-redes-sociais-pode-ser-apresentada-na-proxima-semana-preve-ministro-do-governo-lula-67a13055e976d\">Source link <\/a><\/p>","protected":false},"excerpt":{"rendered":"<p>O ministro das Rela\u00e7\u00f5es Institucionais, Alexandre Padilha, afirmou nesta segunda-feira (3) que o governo pretende apresentar na pr\u00f3xima semana um pacote de projetos priorit\u00e1rios para os pr\u00f3ximos dois anos, incluindo&hellip;<\/p>","protected":false},"author":1,"featured_media":98947,"comment_status":"closed","ping_status":"open","sticky":false,"template":"","format":"standard","meta":{"content-type":"","footnotes":""},"categories":[16],"tags":[123,2448,5313,1267],"class_list":["post-98946","post","type-post","status-publish","format-standard","has-post-thumbnail","hentry","category-noticias","tag-brasil","tag-diario","tag-noticia","tag-noticias"],"_links":{"self":[{"href":"https:\/\/tvbrazilusa.com\/pt\/wp-json\/wp\/v2\/posts\/98946","targetHints":{"allow":["GET"]}}],"collection":[{"href":"https:\/\/tvbrazilusa.com\/pt\/wp-json\/wp\/v2\/posts"}],"about":[{"href":"https:\/\/tvbrazilusa.com\/pt\/wp-json\/wp\/v2\/types\/post"}],"author":[{"embeddable":true,"href":"https:\/\/tvbrazilusa.com\/pt\/wp-json\/wp\/v2\/users\/1"}],"replies":[{"embeddable":true,"href":"https:\/\/tvbrazilusa.com\/pt\/wp-json\/wp\/v2\/comments?post=98946"}],"version-history":[{"count":1,"href":"https:\/\/tvbrazilusa.com\/pt\/wp-json\/wp\/v2\/posts\/98946\/revisions"}],"predecessor-version":[{"id":98948,"href":"https:\/\/tvbrazilusa.com\/pt\/wp-json\/wp\/v2\/posts\/98946\/revisions\/98948"}],"wp:featuredmedia":[{"embeddable":true,"href":"https:\/\/tvbrazilusa.com\/pt\/wp-json\/wp\/v2\/media\/98947"}],"wp:attachment":[{"href":"https:\/\/tvbrazilusa.com\/pt\/wp-json\/wp\/v2\/media?parent=98946"}],"wp:term":[{"taxonomy":"category","embeddable":true,"href":"https:\/\/tvbrazilusa.com\/pt\/wp-json\/wp\/v2\/categories?post=98946"},{"taxonomy":"post_tag","embeddable":true,"href":"https:\/\/tvbrazilusa.com\/pt\/wp-json\/wp\/v2\/tags?post=98946"}],"curies":[{"name":"wp","href":"https:\/\/api.w.org\/{rel}","templated":true}]}}