{"id":98962,"date":"2025-02-04T01:16:46","date_gmt":"2025-02-04T01:16:46","guid":{"rendered":"https:\/\/tvbrazilusa.com\/2025\/02\/04\/apos-mexico-canada-tambem-aceita-demandas-dos-eua-e-tarifas-sao-pausadas-por-30-dias\/"},"modified":"2025-02-04T01:16:48","modified_gmt":"2025-02-04T01:16:48","slug":"apos-mexico-canada-tambem-aceita-demandas-dos-eua-e-tarifas-sao-pausadas-por-30-dias","status":"publish","type":"post","link":"https:\/\/tvbrazilusa.com\/pt\/2025\/02\/04\/apos-mexico-canada-tambem-aceita-demandas-dos-eua-e-tarifas-sao-pausadas-por-30-dias\/","title":{"rendered":"Ap\u00f3s M\u00e9xico, Canad\u00e1 tamb\u00e9m aceita demandas dos EUA e tarifas s\u00e3o pausadas por 30 dias"},"content":{"rendered":"<p> <script async src=\"https:\/\/pagead2.googlesyndication.com\/pagead\/js\/adsbygoogle.js?client=ca-pub-8864793242727901\"\r\n     crossorigin=\"anonymous\"><\/script><br \/>\n<\/p>\n<div>\n<figure class=\"post-image\">\n<\/figure>\n<p>            <span style=\"font-size: 12px\"> Foto: Mandel Ngan\/AFP<\/span><\/p>\n<p>            <!-- end metas --><br \/>\n            <!-- ADS --><\/p>\n<div id=\"taboola-read-more\" style=\"display:block; width:100%\">\n<p>Ap\u00f3s presidente mexicana, agora foi o primeiro-ministro canadense que aceitou os termos do presidente americano para aumentar a seguran\u00e7a fronteiri\u00e7a e combater o tr\u00e1fico de drogas para os EUA; em troca, Trump aceitou pausar a aplica\u00e7\u00e3o das tarifas comerciais por 30 dias para observar a implementa\u00e7\u00e3o das medidas.\n<\/p>\n<p>\u25ab\ufe0fO Canad\u00e1 anunciou que vai implementar um plano de fronteira de US$ 1,3 BILH\u00c3O, refor\u00e7ando a fronteira com os EUA com novos helic\u00f3pteros, tecnologia e pessoal<\/p>\n<p>\u25ab\ufe0fTrudeau tamb\u00e9m vai nomear um Czar do Fentanil, e vai classificar cart\u00e9is como organiza\u00e7\u00f5es terroristas, como fez Trump\n<\/p>\n<p>\u25ab\ufe0fO primeiro-ministro disse o pa\u00eds vai vigiar a fronteira 24 horas por dia, 7 dias por semana\n<\/p>\n<p>\u25ab\ufe0fO Canad\u00e1 concordou com a cria\u00e7\u00e3o de uma For\u00e7a de Ataque Conjunta Canad\u00e1-EUA para combater o crime organizado, o fentanil e a lavagem de dinheiro.\n<\/p>\n<p>\u25ab\ufe0fTrudeau tamb\u00e9m assinou uma nova diretiva de intelig\u00eancia sobre o crime organizado e o fentanil com investimentos de mais US$ 200 milh\u00f5es.\n<\/p>\n<p>Fonte: @diretodaamerica \/ X              <\/p>\n<\/div>\n<p>                        <!-- Scripts para conteudo --><\/p>\n<p>            <!-- .\/Scripts para conteudo --><br \/>\n            <!-- .\/Mat\u00e9ria --><\/p>\n<div class=\"row mt-3\">\n<div class=\"col-sm-6\">\n                <!-- Whatsapp channel 3--><br \/>\n                <a href=\"https:\/\/chat.whatsapp.com\/B8Qy6Erx4kb6yTzj3kaDco\" target=\"_blank\"><br \/>\n                  <img decoding=\"async\" src=\"https:\/\/diariodobrasilnoticias.com.br\/assets-site\/images\/bot_whatsapp.png\"\/><\/a>\n              <\/div>\n<div class=\"col-sm-6\">\n                <a href=\"https:\/\/t.me\/+_4gTmi5LKo03OTM5\" target=\"_blank\"><br \/>\n                  <img decoding=\"async\" src=\"https:\/\/diariodobrasilnoticias.com.br\/assets-site\/images\/bot_telegram.png\"\/><\/a>\n              <\/div>\n<\/p><\/div>\n<p>            <!-- end post-navigation --><\/p>\n<p>              <!-- end row --><\/p>\n<p>              <!-- end col-12-->\n                      <\/div>\n<p><br \/>\n<br \/><a href=\"https:\/\/diariodobrasilnoticias.com.br\/noticia\/-apos-mexico-canada-tambem-aceita-demandas-dos-eua-e-tarifas-sao-pausadas-por-30-dias-67a1499edfd9f\">Source link <\/a><\/p>","protected":false},"excerpt":{"rendered":"<p>Foto: Mandel Ngan\/AFP Ap\u00f3s presidente mexicana, agora foi o primeiro-ministro canadense que aceitou os termos do presidente americano para aumentar a seguran\u00e7a fronteiri\u00e7a e combater o tr\u00e1fico de drogas para&hellip;<\/p>","protected":false},"author":1,"featured_media":98963,"comment_status":"closed","ping_status":"open","sticky":false,"template":"","format":"standard","meta":{"content-type":"","footnotes":""},"categories":[16],"tags":[123,2448,5313,1267],"class_list":["post-98962","post","type-post","status-publish","format-standard","has-post-thumbnail","hentry","category-noticias","tag-brasil","tag-diario","tag-noticia","tag-noticias"],"_links":{"self":[{"href":"https:\/\/tvbrazilusa.com\/pt\/wp-json\/wp\/v2\/posts\/98962","targetHints":{"allow":["GET"]}}],"collection":[{"href":"https:\/\/tvbrazilusa.com\/pt\/wp-json\/wp\/v2\/posts"}],"about":[{"href":"https:\/\/tvbrazilusa.com\/pt\/wp-json\/wp\/v2\/types\/post"}],"author":[{"embeddable":true,"href":"https:\/\/tvbrazilusa.com\/pt\/wp-json\/wp\/v2\/users\/1"}],"replies":[{"embeddable":true,"href":"https:\/\/tvbrazilusa.com\/pt\/wp-json\/wp\/v2\/comments?post=98962"}],"version-history":[{"count":1,"href":"https:\/\/tvbrazilusa.com\/pt\/wp-json\/wp\/v2\/posts\/98962\/revisions"}],"predecessor-version":[{"id":98964,"href":"https:\/\/tvbrazilusa.com\/pt\/wp-json\/wp\/v2\/posts\/98962\/revisions\/98964"}],"wp:featuredmedia":[{"embeddable":true,"href":"https:\/\/tvbrazilusa.com\/pt\/wp-json\/wp\/v2\/media\/98963"}],"wp:attachment":[{"href":"https:\/\/tvbrazilusa.com\/pt\/wp-json\/wp\/v2\/media?parent=98962"}],"wp:term":[{"taxonomy":"category","embeddable":true,"href":"https:\/\/tvbrazilusa.com\/pt\/wp-json\/wp\/v2\/categories?post=98962"},{"taxonomy":"post_tag","embeddable":true,"href":"https:\/\/tvbrazilusa.com\/pt\/wp-json\/wp\/v2\/tags?post=98962"}],"curies":[{"name":"wp","href":"https:\/\/api.w.org\/{rel}","templated":true}]}}