{"id":98965,"date":"2025-02-04T01:28:48","date_gmt":"2025-02-04T01:28:48","guid":{"rendered":"https:\/\/tvbrazilusa.com\/2025\/02\/04\/lula-no-stf-e-recebido-com-abraco-por-barroso-veja-video\/"},"modified":"2025-02-04T01:28:50","modified_gmt":"2025-02-04T01:28:50","slug":"lula-no-stf-e-recebido-com-abraco-por-barroso-veja-video","status":"publish","type":"post","link":"https:\/\/tvbrazilusa.com\/pt\/2025\/02\/04\/lula-no-stf-e-recebido-com-abraco-por-barroso-veja-video\/","title":{"rendered":"Lula no STF \u00e9 recebido com abra\u00e7o por Barroso; VEJA V\u00cdDEO"},"content":{"rendered":"<p> <script async src=\"https:\/\/pagead2.googlesyndication.com\/pagead\/js\/adsbygoogle.js?client=ca-pub-8864793242727901\"\r\n     crossorigin=\"anonymous\"><\/script><br \/>\n<\/p>\n<div id=\"taboola-read-more\" style=\"display:block; width:100%\">\n<p>O presidente Luiz In\u00e1cio Lula da Silva (PT) chegou ao Supremo Tribunal Federal (STF) nesta segunda-feira (03) para participar da abertura oficial do Ano Judici\u00e1rio de 2025. Ao chegar, foi recebido calorosamente pelo presidente da Corte, Lu\u00eds Roberto Barroso, com um abra\u00e7o.<\/p>\n<p>A cerim\u00f4nia de abertura reuniu autoridades dos poderes Executivo e Legislativo, al\u00e9m do procurador-geral da Rep\u00fablica, Paulo Gonet, e do presidente do Conselho Federal da Ordem dos Advogados do Brasil (OAB), Beto Simonetti. O evento simboliza o in\u00edcio dos trabalhos do Judici\u00e1rio e refor\u00e7a a import\u00e2ncia do di\u00e1logo entre os diferentes poderes do Estado.\n<\/p>\n<p><strong>ASSISTA:<\/strong><\/p>\n<p>Fonte: @luizbacci \/ Instagram              <\/p>\n<\/div>\n<p><br \/>\n<br \/><a href=\"https:\/\/diariodobrasilnoticias.com.br\/noticia\/lula-no-stf-e-recebido-com-abraco-por-barroso-veja-video-67a148bd8fcd4\">Source link <\/a><\/p>","protected":false},"excerpt":{"rendered":"<p>O presidente Luiz In\u00e1cio Lula da Silva (PT) chegou ao Supremo Tribunal Federal (STF) nesta segunda-feira (03) para participar da abertura oficial do Ano Judici\u00e1rio de 2025. Ao chegar, foi&hellip;<\/p>","protected":false},"author":1,"featured_media":98966,"comment_status":"closed","ping_status":"open","sticky":false,"template":"","format":"standard","meta":{"content-type":"","footnotes":""},"categories":[16],"tags":[123,2448,5313,1267],"class_list":["post-98965","post","type-post","status-publish","format-standard","has-post-thumbnail","hentry","category-noticias","tag-brasil","tag-diario","tag-noticia","tag-noticias"],"_links":{"self":[{"href":"https:\/\/tvbrazilusa.com\/pt\/wp-json\/wp\/v2\/posts\/98965","targetHints":{"allow":["GET"]}}],"collection":[{"href":"https:\/\/tvbrazilusa.com\/pt\/wp-json\/wp\/v2\/posts"}],"about":[{"href":"https:\/\/tvbrazilusa.com\/pt\/wp-json\/wp\/v2\/types\/post"}],"author":[{"embeddable":true,"href":"https:\/\/tvbrazilusa.com\/pt\/wp-json\/wp\/v2\/users\/1"}],"replies":[{"embeddable":true,"href":"https:\/\/tvbrazilusa.com\/pt\/wp-json\/wp\/v2\/comments?post=98965"}],"version-history":[{"count":1,"href":"https:\/\/tvbrazilusa.com\/pt\/wp-json\/wp\/v2\/posts\/98965\/revisions"}],"predecessor-version":[{"id":98967,"href":"https:\/\/tvbrazilusa.com\/pt\/wp-json\/wp\/v2\/posts\/98965\/revisions\/98967"}],"wp:featuredmedia":[{"embeddable":true,"href":"https:\/\/tvbrazilusa.com\/pt\/wp-json\/wp\/v2\/media\/98966"}],"wp:attachment":[{"href":"https:\/\/tvbrazilusa.com\/pt\/wp-json\/wp\/v2\/media?parent=98965"}],"wp:term":[{"taxonomy":"category","embeddable":true,"href":"https:\/\/tvbrazilusa.com\/pt\/wp-json\/wp\/v2\/categories?post=98965"},{"taxonomy":"post_tag","embeddable":true,"href":"https:\/\/tvbrazilusa.com\/pt\/wp-json\/wp\/v2\/tags?post=98965"}],"curies":[{"name":"wp","href":"https:\/\/api.w.org\/{rel}","templated":true}]}}