{"id":98976,"date":"2025-02-04T02:11:42","date_gmt":"2025-02-04T02:11:42","guid":{"rendered":"https:\/\/tvbrazilusa.com\/2025\/02\/04\/urgente-ex-prefeito-de-cidade-do-rn-e-baleado-na-cabeca-veja-video\/"},"modified":"2025-02-04T02:11:44","modified_gmt":"2025-02-04T02:11:44","slug":"urgente-ex-prefeito-de-cidade-do-rn-e-baleado-na-cabeca-veja-video","status":"publish","type":"post","link":"https:\/\/tvbrazilusa.com\/pt\/2025\/02\/04\/urgente-ex-prefeito-de-cidade-do-rn-e-baleado-na-cabeca-veja-video\/","title":{"rendered":"URGENTE: Ex-prefeito de cidade do RN \u00e9 baleado na cabe\u00e7a; VEJA V\u00cdDEO"},"content":{"rendered":"<p> <script async src=\"https:\/\/pagead2.googlesyndication.com\/pagead\/js\/adsbygoogle.js?client=ca-pub-8864793242727901\"\r\n     crossorigin=\"anonymous\"><\/script><br \/>\n<br \/>Crime aconteceu no in\u00edcio da noite desta segunda-feira (3). Ex-pol\u00edtico de S\u00e3o Pedro seria um dos baleados, segundo a PM<br \/>\n<br \/><br \/>\n<br \/><a href=\"https:\/\/diariodobrasilnoticias.com.br\/noticia\/urgente-ex-prefeito-de-cidade-do-rn-e-baleado-na-cabeca-veja-video-67a15201e8b27\">Source link <\/a><\/p>","protected":false},"excerpt":{"rendered":"<p>Crime aconteceu no in\u00edcio da noite desta segunda-feira (3). Ex-pol\u00edtico de S\u00e3o Pedro seria um dos baleados, segundo a PM Source link<\/p>","protected":false},"author":1,"featured_media":98977,"comment_status":"closed","ping_status":"open","sticky":false,"template":"","format":"standard","meta":{"content-type":"","footnotes":""},"categories":[16],"tags":[123,2448,5313,1267],"class_list":["post-98976","post","type-post","status-publish","format-standard","has-post-thumbnail","hentry","category-noticias","tag-brasil","tag-diario","tag-noticia","tag-noticias"],"_links":{"self":[{"href":"https:\/\/tvbrazilusa.com\/pt\/wp-json\/wp\/v2\/posts\/98976","targetHints":{"allow":["GET"]}}],"collection":[{"href":"https:\/\/tvbrazilusa.com\/pt\/wp-json\/wp\/v2\/posts"}],"about":[{"href":"https:\/\/tvbrazilusa.com\/pt\/wp-json\/wp\/v2\/types\/post"}],"author":[{"embeddable":true,"href":"https:\/\/tvbrazilusa.com\/pt\/wp-json\/wp\/v2\/users\/1"}],"replies":[{"embeddable":true,"href":"https:\/\/tvbrazilusa.com\/pt\/wp-json\/wp\/v2\/comments?post=98976"}],"version-history":[{"count":1,"href":"https:\/\/tvbrazilusa.com\/pt\/wp-json\/wp\/v2\/posts\/98976\/revisions"}],"predecessor-version":[{"id":98978,"href":"https:\/\/tvbrazilusa.com\/pt\/wp-json\/wp\/v2\/posts\/98976\/revisions\/98978"}],"wp:featuredmedia":[{"embeddable":true,"href":"https:\/\/tvbrazilusa.com\/pt\/wp-json\/wp\/v2\/media\/98977"}],"wp:attachment":[{"href":"https:\/\/tvbrazilusa.com\/pt\/wp-json\/wp\/v2\/media?parent=98976"}],"wp:term":[{"taxonomy":"category","embeddable":true,"href":"https:\/\/tvbrazilusa.com\/pt\/wp-json\/wp\/v2\/categories?post=98976"},{"taxonomy":"post_tag","embeddable":true,"href":"https:\/\/tvbrazilusa.com\/pt\/wp-json\/wp\/v2\/tags?post=98976"}],"curies":[{"name":"wp","href":"https:\/\/api.w.org\/{rel}","templated":true}]}}