{"id":98979,"date":"2025-02-04T02:23:26","date_gmt":"2025-02-04T02:23:26","guid":{"rendered":"https:\/\/tvbrazilusa.com\/2025\/02\/04\/globo-veta-jornalistas-de-irem-a-festa-da-vitoria-de-hugo-motta-apos-caso-de-rodrigo-bocardi\/"},"modified":"2025-02-04T02:23:27","modified_gmt":"2025-02-04T02:23:27","slug":"globo-veta-jornalistas-de-irem-a-festa-da-vitoria-de-hugo-motta-apos-caso-de-rodrigo-bocardi","status":"publish","type":"post","link":"https:\/\/tvbrazilusa.com\/pt\/2025\/02\/04\/globo-veta-jornalistas-de-irem-a-festa-da-vitoria-de-hugo-motta-apos-caso-de-rodrigo-bocardi\/","title":{"rendered":"Globo veta jornalistas de irem \u00e0 festa da vit\u00f3ria de Hugo Motta ap\u00f3s caso de Rodrigo Bocardi"},"content":{"rendered":"<p> <script async src=\"https:\/\/pagead2.googlesyndication.com\/pagead\/js\/adsbygoogle.js?client=ca-pub-8864793242727901\"\r\n     crossorigin=\"anonymous\"><\/script><br \/>\n<\/p>\n<div id=\"taboola-read-more\" style=\"display:block; width:100%\">\n<p>A Globo n\u00e3o permitiu que seus jornalistas fossem para a festa de comemora\u00e7\u00e3o da vit\u00f3ria de Hugo Motta (Republicanos-PB), que aconteceu no \u00faltimo s\u00e1bado (1\u00ba) ap\u00f3s sua elei\u00e7\u00e3o como presidente da C\u00e2mara dos Deputados. Comunicadores de outras emissoras estiveram presentes.\n<\/p>\n<p>Segundo apurou a coluna, rep\u00f3rteres se queixaram, j\u00e1 que a festa era importante pela presen\u00e7a de grande nomes da pol\u00edtica nacional, al\u00e9m de empres\u00e1rios e outras figuras c\u00e9lebres.<\/p>\n<p>A justificativa \u00e9 que a festa tinha teor pessoal para Motta. Ou seja, quem fosse, seria visto como aliado do novo presidente da C\u00e2mara, o que pegaria mal para sua equipe de reportagem.\n<\/p>\n<p>Fontes ouvidas pela coluna alegam que o veto foi uma precau\u00e7\u00e3o por causa do desligamento recente do apresentador Rodrigo Bocardi. O apresentador do Bom Dia S\u00e3o Paulo foi demitido por ter infringido o c\u00f3digo de \u00e9tica da empresa.\n<\/p>\n<p>Em investiga\u00e7\u00e3o, o compliance da Globo concluiu que, em paralelo ao trabalho na emissora, Bocardi tinha uma empresa que prestava servi\u00e7o para gest\u00f5es p\u00fablicas, incluindo prefeituras do estado de S\u00e3o Paulo, que ele noticiava diariamente no Bom Dia S\u00e3o Paulo.\n<\/p>\n<p>O jornalista tamb\u00e9m prestaria servi\u00e7os de media training, ou seja, preparava pol\u00edticos e empres\u00e1rios para aparecerem na pr\u00f3pria Globo.\n<\/p>\n<p>Essas pr\u00e1ticas infringem as normas da emissora, que imp\u00f5e a seus jornalistas um r\u00edgido c\u00f3digo de \u00e9tica. O conjunto de regras \u00e9 repassado a todos os profissionais que s\u00e3o contratados pela empresa desde 2015, quando foi criado o departamento de compliance.\n<\/p>\n<p>Procurada pela coluna, a Globo n\u00e3o respondeu at\u00e9 a \u00faltima atualiza\u00e7\u00e3o da reportagem.\n<\/p>\n<p>Fonte: Folha de S.Paulo              <\/p>\n<\/div>\n<p><br \/>\n<br \/><a href=\"https:\/\/diariodobrasilnoticias.com.br\/noticia\/globo-veta-jornalistas-de-irem-a-festa-da-vitoria-de-hugo-motta-apos-caso-de-rodrigo-bocardi-67a152dd1b9d7\">Source link <\/a><\/p>","protected":false},"excerpt":{"rendered":"<p>A Globo n\u00e3o permitiu que seus jornalistas fossem para a festa de comemora\u00e7\u00e3o da vit\u00f3ria de Hugo Motta (Republicanos-PB), que aconteceu no \u00faltimo s\u00e1bado (1\u00ba) ap\u00f3s sua elei\u00e7\u00e3o como presidente&hellip;<\/p>","protected":false},"author":1,"featured_media":98980,"comment_status":"closed","ping_status":"open","sticky":false,"template":"","format":"standard","meta":{"content-type":"","footnotes":""},"categories":[16],"tags":[123,2448,5313,1267],"class_list":["post-98979","post","type-post","status-publish","format-standard","has-post-thumbnail","hentry","category-noticias","tag-brasil","tag-diario","tag-noticia","tag-noticias"],"_links":{"self":[{"href":"https:\/\/tvbrazilusa.com\/pt\/wp-json\/wp\/v2\/posts\/98979","targetHints":{"allow":["GET"]}}],"collection":[{"href":"https:\/\/tvbrazilusa.com\/pt\/wp-json\/wp\/v2\/posts"}],"about":[{"href":"https:\/\/tvbrazilusa.com\/pt\/wp-json\/wp\/v2\/types\/post"}],"author":[{"embeddable":true,"href":"https:\/\/tvbrazilusa.com\/pt\/wp-json\/wp\/v2\/users\/1"}],"replies":[{"embeddable":true,"href":"https:\/\/tvbrazilusa.com\/pt\/wp-json\/wp\/v2\/comments?post=98979"}],"version-history":[{"count":1,"href":"https:\/\/tvbrazilusa.com\/pt\/wp-json\/wp\/v2\/posts\/98979\/revisions"}],"predecessor-version":[{"id":98981,"href":"https:\/\/tvbrazilusa.com\/pt\/wp-json\/wp\/v2\/posts\/98979\/revisions\/98981"}],"wp:featuredmedia":[{"embeddable":true,"href":"https:\/\/tvbrazilusa.com\/pt\/wp-json\/wp\/v2\/media\/98980"}],"wp:attachment":[{"href":"https:\/\/tvbrazilusa.com\/pt\/wp-json\/wp\/v2\/media?parent=98979"}],"wp:term":[{"taxonomy":"category","embeddable":true,"href":"https:\/\/tvbrazilusa.com\/pt\/wp-json\/wp\/v2\/categories?post=98979"},{"taxonomy":"post_tag","embeddable":true,"href":"https:\/\/tvbrazilusa.com\/pt\/wp-json\/wp\/v2\/tags?post=98979"}],"curies":[{"name":"wp","href":"https:\/\/api.w.org\/{rel}","templated":true}]}}