{"id":9898,"date":"2022-07-09T17:22:27","date_gmt":"2022-07-09T17:22:27","guid":{"rendered":"https:\/\/tvbrazilusa.com\/2022\/07\/09\/governo-holandes-controlado-por-globalistas-ataca-o-agronegocio-brasil-e-o-proximo\/"},"modified":"2022-07-09T17:22:27","modified_gmt":"2022-07-09T17:22:27","slug":"governo-holandes-controlado-por-globalistas-ataca-o-agronegocio-brasil-e-o-proximo","status":"publish","type":"post","link":"https:\/\/tvbrazilusa.com\/pt\/2022\/07\/09\/governo-holandes-controlado-por-globalistas-ataca-o-agronegocio-brasil-e-o-proximo\/","title":{"rendered":"Governo holand\u00eas, controlado por globalistas, ataca o agroneg\u00f3cio. Brasil \u00e9 o pr\u00f3ximo?"},"content":{"rendered":"<p><iframe  width=\"580\" height=\"385\" src=\"https:\/\/www.youtube.com\/embed\/A678P1z3wH8?modestbranding=1\" frameborder=\"0\" allowfullscreen><\/iframe><br \/>\n<br \/>A Holanda \u00e9 um dos maiores exportadores de alimentos do mundo. Pois o governo holand\u00eas, umbilicalmente ligado ao F\u00f3rum Econ\u00f4mico Mundial, resolveu impor medidas para controlar emiss\u00f5es de am\u00f4nia e \u00f3xido de nitrog\u00eanio, produzidas pelo gado. Os fazendeiros protestam. Entenda.<\/p>\n<p>J\u00e1 conhece o Ruschel sem Filtro?<\/p>\n<p>Tenha acesso a minha opini\u00e3o SEM CENSURA sobre pol\u00edtica, conservadorismo e economia. <\/p>\n<p>\u27a1\ufe0f Teste por 7 dias gr\u00e1tis o meu servi\u00e7o de assinatura:<br \/>\n<br \/><a href=\"https:\/\/www.youtube.com\/watch?v=A678P1z3wH8\">source<\/a><\/p>","protected":false},"excerpt":{"rendered":"<p>A Holanda \u00e9 um dos maiores exportadores de alimentos do mundo. Pois o governo holand\u00eas, umbilicalmente ligado ao F\u00f3rum Econ\u00f4mico Mundial, resolveu impor medidas para controlar emiss\u00f5es de am\u00f4nia e&hellip;<\/p>","protected":false},"author":1,"featured_media":9899,"comment_status":"","ping_status":"open","sticky":false,"template":"","format":"standard","meta":{"content-type":"","footnotes":""},"categories":[1],"tags":[],"class_list":["post-9898","post","type-post","status-publish","format-standard","has-post-thumbnail","hentry","category-uncategorized"],"_links":{"self":[{"href":"https:\/\/tvbrazilusa.com\/pt\/wp-json\/wp\/v2\/posts\/9898","targetHints":{"allow":["GET"]}}],"collection":[{"href":"https:\/\/tvbrazilusa.com\/pt\/wp-json\/wp\/v2\/posts"}],"about":[{"href":"https:\/\/tvbrazilusa.com\/pt\/wp-json\/wp\/v2\/types\/post"}],"author":[{"embeddable":true,"href":"https:\/\/tvbrazilusa.com\/pt\/wp-json\/wp\/v2\/users\/1"}],"replies":[{"embeddable":true,"href":"https:\/\/tvbrazilusa.com\/pt\/wp-json\/wp\/v2\/comments?post=9898"}],"version-history":[{"count":0,"href":"https:\/\/tvbrazilusa.com\/pt\/wp-json\/wp\/v2\/posts\/9898\/revisions"}],"wp:featuredmedia":[{"embeddable":true,"href":"https:\/\/tvbrazilusa.com\/pt\/wp-json\/wp\/v2\/media\/9899"}],"wp:attachment":[{"href":"https:\/\/tvbrazilusa.com\/pt\/wp-json\/wp\/v2\/media?parent=9898"}],"wp:term":[{"taxonomy":"category","embeddable":true,"href":"https:\/\/tvbrazilusa.com\/pt\/wp-json\/wp\/v2\/categories?post=9898"},{"taxonomy":"post_tag","embeddable":true,"href":"https:\/\/tvbrazilusa.com\/pt\/wp-json\/wp\/v2\/tags?post=9898"}],"curies":[{"name":"wp","href":"https:\/\/api.w.org\/{rel}","templated":true}]}}