{"id":98988,"date":"2025-02-04T02:48:31","date_gmt":"2025-02-04T02:48:31","guid":{"rendered":"https:\/\/tvbrazilusa.com\/2025\/02\/04\/musk-anuncia-plano-para-fechar-agencia-de-ajuda-externa-dos-eua-organizacao-criminosa\/"},"modified":"2025-02-04T02:48:32","modified_gmt":"2025-02-04T02:48:32","slug":"musk-anuncia-plano-para-fechar-agencia-de-ajuda-externa-dos-eua-organizacao-criminosa","status":"publish","type":"post","link":"https:\/\/tvbrazilusa.com\/pt\/2025\/02\/04\/musk-anuncia-plano-para-fechar-agencia-de-ajuda-externa-dos-eua-organizacao-criminosa\/","title":{"rendered":"Musk anuncia plano para fechar ag\u00eancia de ajuda externa dos EUA: &#8216;organiza\u00e7\u00e3o criminosa&#8217;"},"content":{"rendered":"<p> <script async src=\"https:\/\/pagead2.googlesyndication.com\/pagead\/js\/adsbygoogle.js?client=ca-pub-8864793242727901\"\r\n     crossorigin=\"anonymous\"><\/script><br \/>\n<\/p>\n<div id=\"taboola-read-more\" style=\"display:block; width:100%\">\n<p>O bilion\u00e1rio Elon Musk, que lidera o Departamento de Efici\u00eancia Governamental (DOGE) durante a presid\u00eancia de Donald Trump, anunciou nesta segunda-feira (3) que est\u00e1 trabalhando para fechar a ag\u00eancia de ajuda externa dos EUA (USaid, na sigla em ingl\u00eas), respons\u00e1vel pela gest\u00e3o de aproximadamente US$ 40 bilh\u00f5es no ano passado.\n<\/p>\n<p>Segundo o empres\u00e1rio, Trump concordou com o fechamento da ag\u00eancia de assist\u00eancia internacional. &#8220;N\u00e3o tem mais conserto&#8221;, disse Musk sobre a USaid.<\/p>\n<p>A ag\u00eancia Reuters teve acesso a um e-mail da ag\u00eancia federal, que orientava os funcion\u00e1rios a n\u00e3o compareceram presencialmente no local nesta segunda-feira, em Washington. &#8220;Mais orienta\u00e7\u00f5es ser\u00e3o divulgadas&#8221;, disse a nota.\n<\/p>\n<p>Tr\u00eas fontes familiarizadas com o assunto disseram ainda \u00e0 ag\u00eancia que, neste domingo (2), dois altos funcion\u00e1rios de seguran\u00e7a da USaid foram afastados ap\u00f3s tentarem impedir que representantes do DOGE tivessem acesso a informa\u00e7\u00f5es confidenciais no pr\u00e9dio. O governo tamb\u00e9m retirou durante o final de semana placas de identifica\u00e7\u00e3o da sede da ag\u00eancia em Washington.\n<\/p>\n<p>As \u00faltimas a\u00e7\u00f5es de Musk \u00e0 frente do DOGE foram alvo de elogios de Trump. \u201cElon est\u00e1 focado em cortar gastos federais. Nem sempre concordamos, mas ele est\u00e1 fazendo um \u00f3timo trabalho\u201d, afirmou o presidente.\n<\/p>\n<p>Musk fez uma publica\u00e7\u00e3o em seu perfil no X, rede social de sua propriedade, criticando a USaid, classificando-a, inclusive, de \u201corganiza\u00e7\u00e3o criminosa\u201d e \u201cninho de v\u00edboras&#8221;.\n<\/p>\n<p>Um dos primeiros decretos assinados por Trump no dia da posse envolveu a interrup\u00e7\u00e3o por 90 dias da assist\u00eancia humanit\u00e1ria enviada para diversas partes do mundo, incluindo as que era administradas pela USaid.\n<\/p>\n<p>Fonte: Gazeta do Povo              <\/p>\n<\/div>\n<p><br \/>\n<br \/><a href=\"https:\/\/diariodobrasilnoticias.com.br\/noticia\/musk-anuncia-plano-para-fechar-agencia-de-ajuda-externa-dos-eua-organizacao-criminosa-67a141c24cddb\">Source link <\/a><\/p>","protected":false},"excerpt":{"rendered":"<p>O bilion\u00e1rio Elon Musk, que lidera o Departamento de Efici\u00eancia Governamental (DOGE) durante a presid\u00eancia de Donald Trump, anunciou nesta segunda-feira (3) que est\u00e1 trabalhando para fechar a ag\u00eancia de&hellip;<\/p>","protected":false},"author":1,"featured_media":98989,"comment_status":"closed","ping_status":"open","sticky":false,"template":"","format":"standard","meta":{"content-type":"","footnotes":""},"categories":[16],"tags":[123,2448,5313,1267],"class_list":["post-98988","post","type-post","status-publish","format-standard","has-post-thumbnail","hentry","category-noticias","tag-brasil","tag-diario","tag-noticia","tag-noticias"],"_links":{"self":[{"href":"https:\/\/tvbrazilusa.com\/pt\/wp-json\/wp\/v2\/posts\/98988","targetHints":{"allow":["GET"]}}],"collection":[{"href":"https:\/\/tvbrazilusa.com\/pt\/wp-json\/wp\/v2\/posts"}],"about":[{"href":"https:\/\/tvbrazilusa.com\/pt\/wp-json\/wp\/v2\/types\/post"}],"author":[{"embeddable":true,"href":"https:\/\/tvbrazilusa.com\/pt\/wp-json\/wp\/v2\/users\/1"}],"replies":[{"embeddable":true,"href":"https:\/\/tvbrazilusa.com\/pt\/wp-json\/wp\/v2\/comments?post=98988"}],"version-history":[{"count":1,"href":"https:\/\/tvbrazilusa.com\/pt\/wp-json\/wp\/v2\/posts\/98988\/revisions"}],"predecessor-version":[{"id":98990,"href":"https:\/\/tvbrazilusa.com\/pt\/wp-json\/wp\/v2\/posts\/98988\/revisions\/98990"}],"wp:featuredmedia":[{"embeddable":true,"href":"https:\/\/tvbrazilusa.com\/pt\/wp-json\/wp\/v2\/media\/98989"}],"wp:attachment":[{"href":"https:\/\/tvbrazilusa.com\/pt\/wp-json\/wp\/v2\/media?parent=98988"}],"wp:term":[{"taxonomy":"category","embeddable":true,"href":"https:\/\/tvbrazilusa.com\/pt\/wp-json\/wp\/v2\/categories?post=98988"},{"taxonomy":"post_tag","embeddable":true,"href":"https:\/\/tvbrazilusa.com\/pt\/wp-json\/wp\/v2\/tags?post=98988"}],"curies":[{"name":"wp","href":"https:\/\/api.w.org\/{rel}","templated":true}]}}