{"id":9903,"date":"2024-07-27T10:27:49","date_gmt":"2024-07-27T10:27:49","guid":{"rendered":"https:\/\/tvbrazilusa.com\/2024\/07\/27\/vida-e-morte-no-calor-o-que-se-sente-quando-as-temperaturas-da-terra-atingem-niveis-recordes\/"},"modified":"2024-07-27T10:46:49","modified_gmt":"2024-07-27T10:46:49","slug":"vida-e-morte-no-calor-o-que-se-sente-quando-as-temperaturas-da-terra-atingem-niveis-recordes","status":"publish","type":"post","link":"https:\/\/tvbrazilusa.com\/pt\/2024\/07\/27\/vida-e-morte-no-calor-o-que-se-sente-quando-as-temperaturas-da-terra-atingem-niveis-recordes\/","title":{"rendered":"Vida e morte no calor. O que se sente quando as temperaturas da Terra atingem n\u00edveis recordes"},"content":{"rendered":"<script async src=\"https:\/\/pagead2.googlesyndication.com\/pagead\/js\/adsbygoogle.js?client=ca-pub-8864793242727901\"\r\n     crossorigin=\"anonymous\"><\/script>\n<div id=\"\">\n<p class=\"dist__Box-sc-1fnzlkn-0 dist__TextBase-sc-1fnzlkn-3 CGHCP htMUPQ article-text\"><strong>Beni Melal<\/strong> \u2013 No calor implac\u00e1vel do M\u00e9dio Atlas do Marrocos, as pessoas dormiam nos telhados. Hanna Ouhbour tamb\u00e9m precisava de ref\u00fagio, mas ela estava do lado de fora de um hospital esperando por seu primo diab\u00e9tico que estava em um quarto sem ar condicionado.<\/p>\n<p class=\"dist__Box-sc-1fnzlkn-0 dist__TextBase-sc-1fnzlkn-3 CGHCP htMUPQ article-text\">Na quarta-feira, houve 21 mortes relacionadas ao calor no principal hospital de Beni Mellal, com temperaturas chegando a 48,3 graus (118,9 graus Fahrenheit) em cerca de 575.000 pessoas, a maioria sem ar condicionado.<\/p>\n<p class=\"dist__Box-sc-1fnzlkn-0 dist__TextBase-sc-1fnzlkn-3 CGHCP htMUPQ article-text\">\u201cN\u00e3o temos dinheiro e n\u00e3o temos escolha\u201d, disse Ouhbour, uma mulher desempregada de 31 anos de Kasba Tadla, uma cidade ainda mais quente que alguns especialistas dizem estar entre as mais quentes do planeta. <\/p>\n<p class=\"dist__Box-sc-1fnzlkn-0 dist__TextBase-sc-1fnzlkn-3 CGHCP htMUPQ article-text\">\u201cA maioria das mortes ocorreu entre pessoas que sofrem de doen\u00e7as cr\u00f4nicas e idosos, pois as altas temperaturas contribu\u00edram para a deteriora\u00e7\u00e3o de suas condi\u00e7\u00f5es de sa\u00fade e levaram \u00e0 morte\u201d, disse Kamal Elyansli, diretor regional de sa\u00fade, em um comunicado. <\/p>\n<p class=\"dist__Box-sc-1fnzlkn-0 dist__TextBase-sc-1fnzlkn-3 CGHCP htMUPQ article-text\">Isso \u00e9 vida ou morte no calor.<\/p>\n<p class=\"dist__Box-sc-1fnzlkn-0 dist__TextBase-sc-1fnzlkn-3 CGHCP htMUPQ article-text\">\u00c0 medida que o aquecimento da Terra avan\u00e7ava durante uma semana com quatro dos <a href=\"https:\/\/apnews.com\/article\/climate-global-temperatures-10600ef3b2092dfc4d456f0d593ee0de\">os dias mais quentes j\u00e1 medidos<\/a>o mundo se concentrou em n\u00fameros frios e concretos que mostravam a temperatura m\u00e9dia di\u00e1ria de todo o planeta. <\/p>\n<p class=\"dist__Box-sc-1fnzlkn-0 dist__TextBase-sc-1fnzlkn-3 CGHCP htMUPQ article-text\">Mas a leitura de 17,16 graus Celsius (62,8 graus Fahrenheit) <a href=\"https:\/\/apnews.com\/article\/hottest-day-ever-climate-change-weather-heat-extreme-global-warming-8e2b0b7fa0360ecb931ca333a832c694\">gravado na segunda-feira<\/a> n\u00e3o transmite o qu\u00e3o opressivamente pegajoso qualquer lugar em particular se tornava no pico de sol e umidade. O term\u00f4metro n\u00e3o conta a hist\u00f3ria do calor que simplesmente n\u00e3o ia embora \u00e0 noite para que as pessoas pudessem dormir. <\/p>\n<p class=\"dist__Box-sc-1fnzlkn-0 dist__TextBase-sc-1fnzlkn-3 CGHCP htMUPQ article-text\">Os registros s\u00e3o sobre estat\u00edsticas, manter a pontua\u00e7\u00e3o. Mas as pessoas n\u00e3o sentem os dados. Elas sentem o calor. <\/p>\n<p class=\"dist__Box-sc-1fnzlkn-0 dist__TextBase-sc-1fnzlkn-3 CGHCP htMUPQ article-text\">\u201cN\u00e3o precisamos de nenhum cientista para nos dizer qual \u00e9 a temperatura l\u00e1 fora, pois \u00e9 isso que nosso corpo nos diz instantaneamente\u201d, disse Humayun Saeed, um vendedor de frutas de 35 anos de idade, que trabalha na beira da estrada em Lahore, capital cultural do Paquist\u00e3o.<\/p>\n<p class=\"dist__Box-sc-1fnzlkn-0 dist__TextBase-sc-1fnzlkn-3 CGHCP htMUPQ article-text\">Saeed teve que ir ao hospital duas vezes em junho por causa de insola\u00e7\u00e3o.<\/p>\n<p class=\"dist__Box-sc-1fnzlkn-0 dist__TextBase-sc-1fnzlkn-3 CGHCP htMUPQ article-text\">\u201cA situa\u00e7\u00e3o est\u00e1 muito melhor agora, pois n\u00e3o foi f\u00e1cil trabalhar em maio e junho por causa da onda de calor, mas tenho evitado a caminhada matinal&#8221;, disse Saeed. &#8220;Posso retomar em agosto, quando a temperatura cair ainda mais.&#8221; <\/p>\n<p class=\"dist__Box-sc-1fnzlkn-0 dist__TextBase-sc-1fnzlkn-3 CGHCP htMUPQ article-text\">O calor estava deixando Delia, uma mulher gr\u00e1vida de 38 anos parada do lado de fora de uma esta\u00e7\u00e3o de trem em Bucareste, Rom\u00eania, ainda mais desconfort\u00e1vel. O dia estava t\u00e3o quente que ela estava sonolenta. Sem ar condicionado \u00e0 noite, ela pensou em dormir em seu carro como uma amiga tinha feito.<\/p>\n<p class=\"dist__Box-sc-1fnzlkn-0 dist__TextBase-sc-1fnzlkn-3 CGHCP htMUPQ article-text\">\u201cRealmente notei um aumento muito grande nas temperaturas. Acho que foi o mesmo para todos. Senti ainda mais porque estou gr\u00e1vida\u201d, disse Delia, que s\u00f3 forneceu seu primeiro nome. \u201cMas acho que n\u00e3o foi s\u00f3 eu. Realmente todos sentiram isso.\u201d<\/p>\n<p class=\"dist__Box-sc-1fnzlkn-0 dist__TextBase-sc-1fnzlkn-3 CGHCP htMUPQ article-text\">Karin Bumbaco, que se autointitula uma nerd do clima, estava em seu elemento, mas depois isso se tornou um pouco demais quando Seattle teve dia ap\u00f3s dia um calor muito mais quente do que o normal.<\/p>\n<p class=\"dist__Box-sc-1fnzlkn-0 dist__TextBase-sc-1fnzlkn-3 CGHCP htMUPQ article-text\">\u201cEu amo ci\u00eancia. Eu amo o clima. Desde que eu era crian\u00e7a\u201d, disse Bumbaco, o vice-climatologista estadual de Washington. \u201c\u00c9 meio divertido ver recordes di\u00e1rios sendo quebrados. &#8230; Mas nos \u00faltimos anos, apenas viver isso e realmente sentir o calor se tornou mais miser\u00e1vel no dia a dia.\u201d<\/p>\n<p class=\"dist__Box-sc-1fnzlkn-0 dist__TextBase-sc-1fnzlkn-3 CGHCP htMUPQ article-text\">\u201cComo essa sequ\u00eancia recente que tivemos. Eu n\u00e3o estava dormindo muito bem. N\u00e3o tenho ar condicionado em casa\u201d, disse Bumbaco. \u201cEu estava observando o termostato toda manh\u00e3 ficar um pouco mais quente do que na manh\u00e3 quente anterior. Estava apenas aumentando o calor na casa e eu mal podia esperar para que acabasse.\u201d<\/p>\n<p class=\"dist__Box-sc-1fnzlkn-0 dist__TextBase-sc-1fnzlkn-3 CGHCP htMUPQ article-text\">Para cientistas do clima ao redor do mundo, o que tinha sido um exerc\u00edcio acad\u00eamico sobre mudan\u00e7as clim\u00e1ticas literalmente atingiu o alvo.<\/p>\n<p class=\"dist__Box-sc-1fnzlkn-0 dist__TextBase-sc-1fnzlkn-3 CGHCP htMUPQ article-text\">\u201cTenho analisado esses n\u00fameros no frescor do meu escrit\u00f3rio, mas o calor come\u00e7ou a me afetar tamb\u00e9m, causando noites sem dormir devido \u00e0s temperaturas urbanas mais altas\u201d, disse Roxy Mathew Koll, cientista clim\u00e1tica do Instituto Indiano de Meteorologia Tropical em Pune, Maharashtra, que normalmente tem um clima relativamente ameno.<\/p>\n<p class=\"dist__Box-sc-1fnzlkn-0 dist__TextBase-sc-1fnzlkn-3 CGHCP htMUPQ article-text\">\u201cMeus filhos voltam da escola para casa durante o hor\u00e1rio de pico, exaustos\u201d, disse Koll. \u201cNo m\u00eas passado, a m\u00e3e de um dos meus colegas morreu de insola\u00e7\u00e3o no norte da \u00cdndia.\u201d<\/p>\n<p class=\"dist__Box-sc-1fnzlkn-0 dist__TextBase-sc-1fnzlkn-3 CGHCP htMUPQ article-text\">Philip Mote, cientista clim\u00e1tico e reitor da escola de p\u00f3s-gradua\u00e7\u00e3o da Universidade Estadual do Oregon, mudou-se no ensino fundamental para o Vale Central da Calif\u00f3rnia e seu calor de ver\u00e3o de tr\u00eas d\u00edgitos.<\/p>\n<p class=\"dist__Box-sc-1fnzlkn-0 dist__TextBase-sc-1fnzlkn-3 CGHCP htMUPQ article-text\">\u201cEu rapidamente percebi que n\u00e3o gostava de um clima quente e seco\u201d, disse Mote. \u201cE \u00e9 por isso que me mudei para o Noroeste.\u201d<\/p>\n<p class=\"dist__Box-sc-1fnzlkn-0 dist__TextBase-sc-1fnzlkn-3 CGHCP htMUPQ article-text\">Durante d\u00e9cadas, Mote trabalhou em quest\u00f5es clim\u00e1ticas no conforto do Oregon, onde as pessoas temiam que, com o aquecimento global, o Noroeste &#8220;seria o \u00faltimo lugar agrad\u00e1vel para se viver nos EUA e todos se mudariam para c\u00e1 e ter\u00edamos superpopula\u00e7\u00e3o&#8221;.<\/p>\n<p class=\"dist__Box-sc-1fnzlkn-0 dist__TextBase-sc-1fnzlkn-3 CGHCP htMUPQ article-text\">Mas a regi\u00e3o foi atingida por inc\u00eandios terr\u00edveis em 2020 e uma onda de calor mortal em 2021, fazendo com que algumas pessoas fugissem do que deveria ser um para\u00edso clim\u00e1tico.<\/p>\n<p class=\"dist__Box-sc-1fnzlkn-0 dist__TextBase-sc-1fnzlkn-3 CGHCP htMUPQ article-text\">Na segunda semana de julho, a temperatura atingiu 104 graus (40 Celsius). Como membro de um clube de remo master, Mote pratica na \u00e1gua nas noites de ter\u00e7a e quinta, mas esta semana eles decidiram simplesmente flutuar rio abaixo em c\u00e2maras de ar.<\/p>\n<p class=\"dist__Box-sc-1fnzlkn-0 dist__TextBase-sc-1fnzlkn-3 CGHCP htMUPQ article-text\">Em Boise, Idaho, praticar tubing no calor que oscila entre 37 e 42 graus Celsius h\u00e1 17 dias se tornou t\u00e3o popular que \u00e9 preciso esperar de 30 minutos a uma hora para entrar na \u00e1gua, disse John Tullius, gerente geral da Boise River Raft &#038; Tube.<\/p>\n<p class=\"dist__Box-sc-1fnzlkn-0 dist__TextBase-sc-1fnzlkn-3 CGHCP htMUPQ article-text\">\u201cAcho que foram n\u00fameros recordes nos \u00faltimos 10 dias consecutivos\u201d, disse Tullius, acrescentando que se preocupa com seus trabalhadores ao ar livre, especialmente com o desgaste f\u00edsico daqueles que pegam os botes no final da caminhada.<\/p>\n<p class=\"dist__Box-sc-1fnzlkn-0 dist__TextBase-sc-1fnzlkn-3 CGHCP htMUPQ article-text\">Ele ergueu uma estrutura especial de sombra para eles, contratou mais trabalhadores para aliviar a carga e os incentivou a se hidratarem.<\/p>\n<p class=\"dist__Box-sc-1fnzlkn-0 dist__TextBase-sc-1fnzlkn-3 CGHCP htMUPQ article-text\">No Parque Municipal de Denver, a loja de aluguel de pedalinhos em formato de cisne n\u00e3o est\u00e1 t\u00e3o movimentada porque est\u00e1 um calor insuport\u00e1vel l\u00e1 fora e os corajosos que saem t\u00eam que sentar em assentos quentes de fibra de vidro.<\/p>\n<p class=\"dist__Box-sc-1fnzlkn-0 dist__TextBase-sc-1fnzlkn-3 CGHCP htMUPQ article-text\">N\u00e3o h\u00e1 muita sombra para os trabalhadores, &#8220;mas nos escondemos em nosso pequeno barraco&#8221;, disse o funcion\u00e1rio Dominic Prado, 23. &#8220;Tamb\u00e9m temos um ventilador muito forte l\u00e1 dentro, sobre o qual gosto de levantar minha camisa s\u00f3 para me refrescar.&#8221;<\/p>\n<p class=\"dist__Box-sc-1fnzlkn-0 dist__TextBase-sc-1fnzlkn-3 CGHCP htMUPQ article-text\">___<\/p>\n<p class=\"dist__Box-sc-1fnzlkn-0 dist__TextBase-sc-1fnzlkn-3 CGHCP htMUPQ article-text\">Borenstein relatou de Washington, Metz de Beni Mellal, Marrocos. Munir Ahmed em Lahore, Paquist\u00e3o, Nicolae Dumitrache em Bucareste, Rom\u00eania, Rebecca Boone em Boise, Idaho, e Brittany Peterson em Denver contribu\u00edram para esta reportagem.<\/p>\n<p class=\"dist__Box-sc-1fnzlkn-0 dist__TextBase-sc-1fnzlkn-3 CGHCP htMUPQ article-text\">___<\/p>\n<p class=\"dist__Box-sc-1fnzlkn-0 dist__TextBase-sc-1fnzlkn-3 CGHCP htMUPQ article-text\">Siga Seth Borenstein e Sam Metz no X em <a href=\"https:\/\/x.com\/borenbears\">@ursosboren<\/a> e <a href=\"https:\/\/x.com\/metzsam\">@metzsam<\/a>.<\/p>\n<p class=\"dist__Box-sc-1fnzlkn-0 dist__TextBase-sc-1fnzlkn-3 CGHCP htMUPQ article-text\">___<\/p>\n<p class=\"dist__Box-sc-1fnzlkn-0 dist__TextBase-sc-1fnzlkn-3 CGHCP htMUPQ article-text\">A cobertura clim\u00e1tica e ambiental da Associated Press recebe apoio financeiro de v\u00e1rias funda\u00e7\u00f5es privadas. A AP \u00e9 a \u00fanica respons\u00e1vel por todo o conte\u00fado. Encontre a AP <a href=\"https:\/\/www.ap.org\/about\/standards-for-working-with-outside-groups\/\">padr\u00f5es<\/a> para trabalhar com filantropias, uma lista de apoiadores e \u00e1reas de cobertura financiadas em <a href=\"https:\/\/www.ap.org\/discover\/Supporting-AP\">AP.org<\/a>.<\/p>\n<\/div>\n<p>Copyright 2024 The Associated Press. Todos os direitos reservados. Este material n\u00e3o pode ser publicado, transmitido, reescrito ou redistribu\u00eddo sem permiss\u00e3o.<\/p>\n<p><br \/>\n<br \/><a href=\"https:\/\/www.clickorlando.com\/news\/national\/2024\/07\/27\/life-and-death-in-the-heat-what-it-feels-like-when-earths-temperatures-soar-to-record-highs\/\">Source link <\/a><\/p>","protected":false},"excerpt":{"rendered":"<p>Beni Melal \u2013 No calor implac\u00e1vel do M\u00e9dio Atlas do Marrocos, as pessoas dormiam nos telhados. Hanna Ouhbour tamb\u00e9m precisava de ref\u00fagio, mas ela estava do lado de fora de&hellip;<\/p>","protected":false},"author":1,"featured_media":9904,"comment_status":"closed","ping_status":"open","sticky":false,"template":"","format":"standard","meta":{"content-type":"","footnotes":""},"categories":[1],"tags":[1477,1360,1419,1411],"class_list":["post-9903","post","type-post","status-publish","format-standard","has-post-thumbnail","hentry","category-uncategorized","tag-ambiente","tag-clima","tag-noticias-do-mundo","tag-noticias-dos-eua"],"_links":{"self":[{"href":"https:\/\/tvbrazilusa.com\/pt\/wp-json\/wp\/v2\/posts\/9903","targetHints":{"allow":["GET"]}}],"collection":[{"href":"https:\/\/tvbrazilusa.com\/pt\/wp-json\/wp\/v2\/posts"}],"about":[{"href":"https:\/\/tvbrazilusa.com\/pt\/wp-json\/wp\/v2\/types\/post"}],"author":[{"embeddable":true,"href":"https:\/\/tvbrazilusa.com\/pt\/wp-json\/wp\/v2\/users\/1"}],"replies":[{"embeddable":true,"href":"https:\/\/tvbrazilusa.com\/pt\/wp-json\/wp\/v2\/comments?post=9903"}],"version-history":[{"count":1,"href":"https:\/\/tvbrazilusa.com\/pt\/wp-json\/wp\/v2\/posts\/9903\/revisions"}],"predecessor-version":[{"id":9905,"href":"https:\/\/tvbrazilusa.com\/pt\/wp-json\/wp\/v2\/posts\/9903\/revisions\/9905"}],"wp:featuredmedia":[{"embeddable":true,"href":"https:\/\/tvbrazilusa.com\/pt\/wp-json\/wp\/v2\/media\/9904"}],"wp:attachment":[{"href":"https:\/\/tvbrazilusa.com\/pt\/wp-json\/wp\/v2\/media?parent=9903"}],"wp:term":[{"taxonomy":"category","embeddable":true,"href":"https:\/\/tvbrazilusa.com\/pt\/wp-json\/wp\/v2\/categories?post=9903"},{"taxonomy":"post_tag","embeddable":true,"href":"https:\/\/tvbrazilusa.com\/pt\/wp-json\/wp\/v2\/tags?post=9903"}],"curies":[{"name":"wp","href":"https:\/\/api.w.org\/{rel}","templated":true}]}}