{"id":99055,"date":"2025-02-04T10:03:29","date_gmt":"2025-02-04T10:03:29","guid":{"rendered":"https:\/\/tvbrazilusa.com\/2025\/02\/04\/as-maes-presas-do-8-de-janeiro\/"},"modified":"2025-02-04T10:03:31","modified_gmt":"2025-02-04T10:03:31","slug":"as-maes-presas-do-8-de-janeiro","status":"publish","type":"post","link":"https:\/\/tvbrazilusa.com\/pt\/2025\/02\/04\/as-maes-presas-do-8-de-janeiro\/","title":{"rendered":"As m\u00e3es presas do 8 de janeiro"},"content":{"rendered":"<p> <script async src=\"https:\/\/pagead2.googlesyndication.com\/pagead\/js\/adsbygoogle.js?client=ca-pub-8864793242727901\"\r\n     crossorigin=\"anonymous\"><\/script><br \/>\n<\/p>\n<div id=\"taboola-read-more\" style=\"display:block; width:100%\">\n<p>Em 10 de janeiro, o decano do Supremo Tribunal Federal (STF), Gilmar Mendes, concedeu pris\u00e3o domiciliar a uma traficante de drogas presa com 5 gramas de crack (aproximadamente 20 pedras). O motivo: ser m\u00e3e de um menino de 4 anos. No despacho, ao mencionar jurisprud\u00eancia do STF, o magistrado observou que a crian\u00e7a precisa ter seus direitos resguardados.\n<\/p>\n<p>Al\u00e9m disso, Mendes determinou ao Conselho Nacional de Justi\u00e7a que organize \u201cmutir\u00f5es carcer\u00e1rios\u201d a fim de revisar casos parecidos. Quase dois meses antes, o vice-presidente do tribunal, Edson Fachin, proferiu uma decis\u00e3o semelhante com base no mesmo entendimento de Mendes.<\/p>\n<p>Fachin garantiu o benef\u00edcio a uma presa que foi parar na cadeia por tr\u00e1fico de drogas e porte ilegal de armas de fogo. Em virtude de ter uma crian\u00e7a em fase de amamenta\u00e7\u00e3o, teve o seu pedido atendido pelo STF.<\/p>\n<p>Fonte: Revista Oeste              <\/p>\n<\/div>\n<p><br \/>\n<br \/><a href=\"https:\/\/diariodobrasilnoticias.com.br\/noticia\/as-maes-presas-do-8-de-janeiro-67a1e54b430c3\">Source link <\/a><\/p>","protected":false},"excerpt":{"rendered":"<p>Em 10 de janeiro, o decano do Supremo Tribunal Federal (STF), Gilmar Mendes, concedeu pris\u00e3o domiciliar a uma traficante de drogas presa com 5 gramas de crack (aproximadamente 20 pedras).&hellip;<\/p>","protected":false},"author":1,"featured_media":99056,"comment_status":"closed","ping_status":"open","sticky":false,"template":"","format":"standard","meta":{"content-type":"","footnotes":""},"categories":[16],"tags":[123,2448,5313,1267],"class_list":["post-99055","post","type-post","status-publish","format-standard","has-post-thumbnail","hentry","category-noticias","tag-brasil","tag-diario","tag-noticia","tag-noticias"],"_links":{"self":[{"href":"https:\/\/tvbrazilusa.com\/pt\/wp-json\/wp\/v2\/posts\/99055","targetHints":{"allow":["GET"]}}],"collection":[{"href":"https:\/\/tvbrazilusa.com\/pt\/wp-json\/wp\/v2\/posts"}],"about":[{"href":"https:\/\/tvbrazilusa.com\/pt\/wp-json\/wp\/v2\/types\/post"}],"author":[{"embeddable":true,"href":"https:\/\/tvbrazilusa.com\/pt\/wp-json\/wp\/v2\/users\/1"}],"replies":[{"embeddable":true,"href":"https:\/\/tvbrazilusa.com\/pt\/wp-json\/wp\/v2\/comments?post=99055"}],"version-history":[{"count":1,"href":"https:\/\/tvbrazilusa.com\/pt\/wp-json\/wp\/v2\/posts\/99055\/revisions"}],"predecessor-version":[{"id":99057,"href":"https:\/\/tvbrazilusa.com\/pt\/wp-json\/wp\/v2\/posts\/99055\/revisions\/99057"}],"wp:featuredmedia":[{"embeddable":true,"href":"https:\/\/tvbrazilusa.com\/pt\/wp-json\/wp\/v2\/media\/99056"}],"wp:attachment":[{"href":"https:\/\/tvbrazilusa.com\/pt\/wp-json\/wp\/v2\/media?parent=99055"}],"wp:term":[{"taxonomy":"category","embeddable":true,"href":"https:\/\/tvbrazilusa.com\/pt\/wp-json\/wp\/v2\/categories?post=99055"},{"taxonomy":"post_tag","embeddable":true,"href":"https:\/\/tvbrazilusa.com\/pt\/wp-json\/wp\/v2\/tags?post=99055"}],"curies":[{"name":"wp","href":"https:\/\/api.w.org\/{rel}","templated":true}]}}