{"id":99121,"date":"2025-02-04T13:25:12","date_gmt":"2025-02-04T13:25:12","guid":{"rendered":"https:\/\/tvbrazilusa.com\/2025\/02\/04\/julgamento-do-8-1-evidencia-nova-divergencia-entre-barroso-e-moraes\/"},"modified":"2025-02-04T13:25:13","modified_gmt":"2025-02-04T13:25:13","slug":"julgamento-do-8-1-evidencia-nova-divergencia-entre-barroso-e-moraes","status":"publish","type":"post","link":"https:\/\/tvbrazilusa.com\/pt\/2025\/02\/04\/julgamento-do-8-1-evidencia-nova-divergencia-entre-barroso-e-moraes\/","title":{"rendered":"Julgamento do 8\/1 evidencia nova diverg\u00eancia entre Barroso e Moraes"},"content":{"rendered":"<p> <script async src=\"https:\/\/pagead2.googlesyndication.com\/pagead\/js\/adsbygoogle.js?client=ca-pub-8864793242727901\"\r\n     crossorigin=\"anonymous\"><\/script><br \/>\n<\/p>\n<div id=\"taboola-read-more\" style=\"display:block; width:100%\">\n<p>Na segunda-feira 3, o presidente do Supremo Tribunal Federal (STF), Lu\u00eds Roberto Barroso, divergiu parcialmente do relator do 8 de janeiro na Corte, Alexandre de Moraes, no julgamento de manifestantes.\n<\/p>\n<p>Ao votar pela condena\u00e7\u00e3o de tr\u00eas r\u00e9us pelo protesto, Barroso afastou o artigo 359-L do C\u00f3digo Penal, que trata da aboli\u00e7\u00e3o violenta do Estado Democr\u00e1tico de Direito.<\/p>\n<p>\u201cConforme j\u00e1 destaquei em casos semelhantes, a meu sentir, as circunst\u00e2ncias factuais objetivas descritas nos autos se amoldam unicamente ao disposto no art. 359-M do C\u00f3digo Penal (Golpe de Estado), e n\u00e3o aos dois tipos penais concomitantemente, considerada a tentativa de deposi\u00e7\u00e3o do governo legitimamente constitu\u00eddo, por meio de viol\u00eancia ou grave amea\u00e7a\u201d, escreveu o juiz do STF, no voto.\n<\/p>\n<p>Outros ministros tamb\u00e9m contrariariam Moraes nessa sess\u00e3o. Edson Fachin e Cristiano Zanin apresentaram posicionamentos diferentes aos do relator, embora tamb\u00e9m tenham condenado os r\u00e9us. J\u00e1 Andr\u00e9 Mendon\u00e7a e Nunes Marques decidiram absolver o trio, agora sentenciado a penas que chegam a 17 anos.\n<\/p>\n<p>Outra diverg\u00eancia de Lu\u00eds Roberto Barroso, sobre o 8 de janeiro\n<\/p>\n<p>N\u00e3o \u00e9 a primeira vez que Barroso diverge de Moraes. Durante o julgamento a respeito da manifesta\u00e7\u00e3o, encerrado em 25 de outubro do ano passado e que condenou 14 pessoas em virtude do ato, o presidente do STF discordou do colega em dois casos. Na maioria das vezes, o ministro fecha com o magistrado nas condena\u00e7\u00f5es ou, em outros momentos, o segue, no entanto, com algumas ressalvas.\n<\/p>\n<p>Entre outros argumentos para condenar os homens, Moraes citou o uso de \u201carmas brancas\u201d, entre elas, estilingues e bolinhas de gude. Por isso, sentenciou ambos pelos crimes de aboli\u00e7\u00e3o violenta do Estado Democr\u00e1tico de Direito, golpe de Estado e associa\u00e7\u00e3o criminosa.\n<\/p>\n<p>\u201cOs indiv\u00edduos invasores vieram preparados para a pr\u00e1tica de atos violentos, portando armas brancas (estilingues e pontas de a\u00e7o, machados, facas e porretes etc.)\u201d, observou Moraes.<\/p>\n<p>Fonte: Revista Oeste              <\/p>\n<\/div>\n<p><br \/>\n<br \/><a href=\"https:\/\/diariodobrasilnoticias.com.br\/noticia\/julgamento-do-8-1-evidencia-nova-divergencia-entre-barroso-e-moraes-67a200810bcc7\">Source link <\/a><\/p>","protected":false},"excerpt":{"rendered":"<p>Na segunda-feira 3, o presidente do Supremo Tribunal Federal (STF), Lu\u00eds Roberto Barroso, divergiu parcialmente do relator do 8 de janeiro na Corte, Alexandre de Moraes, no julgamento de manifestantes.&hellip;<\/p>","protected":false},"author":1,"featured_media":99122,"comment_status":"closed","ping_status":"open","sticky":false,"template":"","format":"standard","meta":{"content-type":"","footnotes":""},"categories":[16],"tags":[123,2448,5313,1267],"class_list":["post-99121","post","type-post","status-publish","format-standard","has-post-thumbnail","hentry","category-noticias","tag-brasil","tag-diario","tag-noticia","tag-noticias"],"_links":{"self":[{"href":"https:\/\/tvbrazilusa.com\/pt\/wp-json\/wp\/v2\/posts\/99121","targetHints":{"allow":["GET"]}}],"collection":[{"href":"https:\/\/tvbrazilusa.com\/pt\/wp-json\/wp\/v2\/posts"}],"about":[{"href":"https:\/\/tvbrazilusa.com\/pt\/wp-json\/wp\/v2\/types\/post"}],"author":[{"embeddable":true,"href":"https:\/\/tvbrazilusa.com\/pt\/wp-json\/wp\/v2\/users\/1"}],"replies":[{"embeddable":true,"href":"https:\/\/tvbrazilusa.com\/pt\/wp-json\/wp\/v2\/comments?post=99121"}],"version-history":[{"count":1,"href":"https:\/\/tvbrazilusa.com\/pt\/wp-json\/wp\/v2\/posts\/99121\/revisions"}],"predecessor-version":[{"id":99123,"href":"https:\/\/tvbrazilusa.com\/pt\/wp-json\/wp\/v2\/posts\/99121\/revisions\/99123"}],"wp:featuredmedia":[{"embeddable":true,"href":"https:\/\/tvbrazilusa.com\/pt\/wp-json\/wp\/v2\/media\/99122"}],"wp:attachment":[{"href":"https:\/\/tvbrazilusa.com\/pt\/wp-json\/wp\/v2\/media?parent=99121"}],"wp:term":[{"taxonomy":"category","embeddable":true,"href":"https:\/\/tvbrazilusa.com\/pt\/wp-json\/wp\/v2\/categories?post=99121"},{"taxonomy":"post_tag","embeddable":true,"href":"https:\/\/tvbrazilusa.com\/pt\/wp-json\/wp\/v2\/tags?post=99121"}],"curies":[{"name":"wp","href":"https:\/\/api.w.org\/{rel}","templated":true}]}}