{"id":99133,"date":"2025-02-04T14:11:19","date_gmt":"2025-02-04T14:11:19","guid":{"rendered":"https:\/\/tvbrazilusa.com\/2025\/02\/04\/saiba-o-que-e-racismo-reverso-que-o-stj-esta-discutindo\/"},"modified":"2025-02-04T14:11:38","modified_gmt":"2025-02-04T14:11:38","slug":"saiba-o-que-e-racismo-reverso-que-o-stj-esta-discutindo","status":"publish","type":"post","link":"https:\/\/tvbrazilusa.com\/pt\/2025\/02\/04\/saiba-o-que-e-racismo-reverso-que-o-stj-esta-discutindo\/","title":{"rendered":"Saiba o que \u00e9 racismo reverso que o STJ est\u00e1 discutindo"},"content":{"rendered":"<p> <script async src=\"https:\/\/pagead2.googlesyndication.com\/pagead\/js\/adsbygoogle.js?client=ca-pub-8864793242727901\"\r\n     crossorigin=\"anonymous\"><\/script><br \/>\n<\/p>\n<div id=\"taboola-read-more\" style=\"display:block; width:100%\">\n<p>O caso de um homem branco que acusa um negro de \u201cracismo reverso\u201d est\u00e1 na pauta do Superior Tribunal de Justi\u00e7a (STJ), desta ter\u00e7a-feira (4).\n<\/p>\n<p>A 6\u00aa Turma do STJ se re\u00fane nesta tarde para julgar recurso do r\u00e9u contra a tese de que uma pessoa branca pode ser v\u00edtima de racismo em raz\u00e3o da cor de sua pele. Ele pede ao STJ que impe\u00e7a o julgamento no Tribunal de Justi\u00e7a de Alagoas (TJ-AL), com base neste argumento. O ministro Og Fernandes \u00e9 o relator do processo. A sess\u00e3o come\u00e7a \u00e0s 14h, com pauta cheia.<\/p>\n<p>O homem negro foi denunciado pelo Minist\u00e9rio P\u00fablico de Alagoas (MP-AL) por inj\u00faria racial contra um italiano branco, que era casado com a tia dele. A situa\u00e7\u00e3o ocorreu na cidade alagoana de Coruripe.\n<\/p>\n<p>O r\u00e9u trocou mensagens com o italiano dizendo que ele possu\u00eda uma cabe\u00e7a \u201cbranca, europeia e escravagista\u201d. De acordo com a defesa, feita pelo Instituto do Negro de Alagoas, isso teria acontecido ap\u00f3s neg\u00f3cios frustrados entre os dois. O homem negro teria trabalhado sem receber para o branco, que tamb\u00e9m teria ofertado parte de um terreno e n\u00e3o cumprido com o acordo.\n<\/p>\n<p>A CNN apurou que o ministro relator dedicou muito tempo na an\u00e1lise dos lados, diante da pol\u00eamica que envolve a Lei n\u00ba 14.532\/23, que equipara inj\u00faria racial ao crime de racismo.\n<\/p>\n<p>Em nome da acusa\u00e7\u00e3o, o MP afirma que a den\u00fancia foi feita com base nesta lei, que configura o crime de inj\u00faria racial quando h\u00e1 o objetivo de ofender uma pessoa em raz\u00e3o da cor, ra\u00e7a, etnia, religi\u00e3o ou origem.\n<\/p>\n<p>Em julho de 2024, a Defensoria P\u00fablica da Uni\u00e3o (DPU) produziu uma nota t\u00e9cnica que aponta para impossibilidade de existir \u201cracismo reverso\u201d.\n<\/p>\n<p>A DPU explica que \u201ca lei n*. 7.716\/89 (Lei de Racismo) tem como objetivo proteger grupos sociais historicamente discriminados em raz\u00e3o de sua pr\u00f3pria exist\u00eancia, n\u00e3o sendo poss\u00edvel a inclus\u00e3o de pessoas pertencentes a coletividades historicamente hegem\u00f4nicas e privilegiadas como sujeito passivo de tais delitos\u201d, diz o documento, elaborado pelo Grupo de Trabalho de Pol\u00edticas Etnorraciais da DPU.\n<\/p>\n<p>\u201cA potencial ado\u00e7\u00e3o da tese do \u2018racismo reverso\u2019 pelo Poder Judici\u00e1rio nega que as pr\u00e1ticas discriminat\u00f3rias, segregacionistas e violentas da sociedade brasileira sempre tiveram como foco grupos \u00e9tnicos-raciais espec\u00edficos, a exemplo da popula\u00e7\u00e3o negra e dos povos origin\u00e1rios\u201d, enfatiza.\n<\/p>\n<p>Fonte: CNN Brasil              <\/p>\n<\/div>\n<p><br \/>\n<br \/><a href=\"https:\/\/diariodobrasilnoticias.com.br\/noticia\/saiba-o-que-e-racismo-reverso-que-o-stj-esta-discutindo-67a20e0b02693\">Source link <\/a><\/p>","protected":false},"excerpt":{"rendered":"<p>O caso de um homem branco que acusa um negro de \u201cracismo reverso\u201d est\u00e1 na pauta do Superior Tribunal de Justi\u00e7a (STJ), desta ter\u00e7a-feira (4). A 6\u00aa Turma do STJ&hellip;<\/p>","protected":false},"author":1,"featured_media":99134,"comment_status":"closed","ping_status":"open","sticky":false,"template":"","format":"standard","meta":{"content-type":"","footnotes":""},"categories":[16],"tags":[123,2448,5313,1267],"class_list":["post-99133","post","type-post","status-publish","format-standard","has-post-thumbnail","hentry","category-noticias","tag-brasil","tag-diario","tag-noticia","tag-noticias"],"_links":{"self":[{"href":"https:\/\/tvbrazilusa.com\/pt\/wp-json\/wp\/v2\/posts\/99133","targetHints":{"allow":["GET"]}}],"collection":[{"href":"https:\/\/tvbrazilusa.com\/pt\/wp-json\/wp\/v2\/posts"}],"about":[{"href":"https:\/\/tvbrazilusa.com\/pt\/wp-json\/wp\/v2\/types\/post"}],"author":[{"embeddable":true,"href":"https:\/\/tvbrazilusa.com\/pt\/wp-json\/wp\/v2\/users\/1"}],"replies":[{"embeddable":true,"href":"https:\/\/tvbrazilusa.com\/pt\/wp-json\/wp\/v2\/comments?post=99133"}],"version-history":[{"count":1,"href":"https:\/\/tvbrazilusa.com\/pt\/wp-json\/wp\/v2\/posts\/99133\/revisions"}],"predecessor-version":[{"id":99135,"href":"https:\/\/tvbrazilusa.com\/pt\/wp-json\/wp\/v2\/posts\/99133\/revisions\/99135"}],"wp:featuredmedia":[{"embeddable":true,"href":"https:\/\/tvbrazilusa.com\/pt\/wp-json\/wp\/v2\/media\/99134"}],"wp:attachment":[{"href":"https:\/\/tvbrazilusa.com\/pt\/wp-json\/wp\/v2\/media?parent=99133"}],"wp:term":[{"taxonomy":"category","embeddable":true,"href":"https:\/\/tvbrazilusa.com\/pt\/wp-json\/wp\/v2\/categories?post=99133"},{"taxonomy":"post_tag","embeddable":true,"href":"https:\/\/tvbrazilusa.com\/pt\/wp-json\/wp\/v2\/tags?post=99133"}],"curies":[{"name":"wp","href":"https:\/\/api.w.org\/{rel}","templated":true}]}}